{"id":4936,"date":"2019-01-06T18:51:35","date_gmt":"2019-01-06T15:51:35","guid":{"rendered":"https:\/\/yeni.maliyeokulu.org.tr\/toplant-kararlar-anketi\/"},"modified":"2019-01-06T18:51:35","modified_gmt":"2019-01-06T15:51:35","slug":"toplant-kararlar-anketi","status":"publish","type":"post","link":"https:\/\/yeni.maliyeokulu.org.tr\/?p=4936","title":{"rendered":"Toplant\u0131 Kararlar\u0131 Anketi"},"content":{"rendered":"<p><span style=\"font-size: 12pt; font-family: helvetica;\">De\u011ferli mezunlar\u0131m\u0131z;<\/span><\/p>\n<p style=\"text-align: justify;\"><span style=\"font-size: 12pt; font-family: helvetica;\">15-16 Aral\u0131k 2018 tarihlerinde Ankara&#8217;da ger\u00e7ekle\u015ftirdi\u011fimiz toplant\u0131lar sonucunda al\u0131nan <a href=\"https:\/\/yeni.maliyeokulu.org.tr\/wp-content\/uploads\/2019\/01\/MOMDER_Sonuc_Bildirgesi.pdf\" target=\"_blank\" rel=\"noopener\">ortak kararlar\u0131<\/a> okudu\u011funuzu umuyoruz. <\/p>\n<p>\u00c7\u00fcnk\u00fc bu anket, haz\u0131rlad\u0131\u011f\u0131m\u0131z bildirge kanal\u0131yla s\u00f6z konusu ortak kararlardan haberdar olan mezunlar\u0131m\u0131z\u0131n d\u00fc\u015f\u00fcncelerini \u00f6\u011frenmek amac\u0131yla d\u00fczenlenmi\u015ftir.<\/span><\/p>\n<p style=\"text-align: justify;\"><span style=\"font-size: 12pt; font-family: helvetica;\">\u015eubat ay\u0131 sonuna kadar aktif tutaca\u011f\u0131m\u0131z anketimizin sonu\u00e7lar\u0131n\u0131 Mart ay\u0131 i\u00e7inde sizlere yine bu sayfalardan a\u00e7\u0131klayaca\u011f\u0131z. Dolay\u0131s\u0131yla g\u00f6r\u00fc\u015fleriniz Derne\u011fimiz taraf\u0131ndan \u00f6zenle de\u011ferlendirilecek ve izleyece\u011fimiz yolda bize \u0131\u015f\u0131k olacakt\u0131r.<\/span><\/p>\n<p style=\"text-align: justify;\"><span style=\"font-size: 12pt; font-family: helvetica;\">Anketimize kat\u0131l\u0131m\u0131n\u0131z ve d\u00fc\u015f\u00fcncelerinizi payla\u015ft\u0131\u011f\u0131n\u0131z i\u00e7in \u015fimdiden te\u015fekk\u00fcr ediyoruz.<br \/><\/span><span style=\"font-size: 12pt; font-family: helvetica;\"><\/span><\/p>\n<p style=\"text-align: justify;\"><span style=\"font-size: 12pt; font-family: helvetica;\">Maliye Okulu Mezunlar\u0131 Derne\u011fi&nbsp;<br \/>Yay\u0131n Kurulu<\/span><\/p>\n<p>&nbsp;<\/p>\n<p style=\"text-align: justify;\">{mosforme 13}<\/p>\n<p>&nbsp;<\/p>\n","protected":false},"excerpt":{"rendered":"<p>De\u011ferli mezunlar\u0131m\u0131z; 15-16 Aral\u0131k 2018 tarihlerinde Ankara&#8217;da ger\u00e7ekle\u015ftirdi\u011fimiz toplant\u0131lar sonucunda al\u0131nan ortak kararlar\u0131 okudu\u011funuzu umuyoruz. \u00c7\u00fcnk\u00fc bu anket, haz\u0131rlad\u0131\u011f\u0131m\u0131z bildirge kanal\u0131yla s\u00f6z konusu ortak kararlardan haberdar olan mezunlar\u0131m\u0131z\u0131n d\u00fc\u015f\u00fcncelerini \u00f6\u011frenmek amac\u0131yla d\u00fczenlenmi\u015ftir. \u015eubat ay\u0131 sonuna kadar aktif tutaca\u011f\u0131m\u0131z anketimizin sonu\u00e7lar\u0131n\u0131 Mart ay\u0131 i\u00e7inde sizlere yine bu sayfalardan a\u00e7\u0131klayaca\u011f\u0131z. Dolay\u0131s\u0131yla g\u00f6r\u00fc\u015fleriniz Derne\u011fimiz taraf\u0131ndan \u00f6zenle de\u011ferlendirilecek ve [&hellip;]<\/p>\n","protected":false},"author":1,"featured_media":0,"comment_status":"open","ping_status":"open","sticky":false,"template":"","format":"standard","meta":{"_eb_attr":"","_gspb_post_css":"","_crdt_document":"","footnotes":""},"categories":[92],"tags":[],"class_list":["post-4936","post","type-post","status-publish","format-standard","hentry","category-duragan"],"blocksy_meta":[],"_links":{"self":[{"href":"https:\/\/yeni.maliyeokulu.org.tr\/index.php?rest_route=\/wp\/v2\/posts\/4936","targetHints":{"allow":["GET"]}}],"collection":[{"href":"https:\/\/yeni.maliyeokulu.org.tr\/index.php?rest_route=\/wp\/v2\/posts"}],"about":[{"href":"https:\/\/yeni.maliyeokulu.org.tr\/index.php?rest_route=\/wp\/v2\/types\/post"}],"author":[{"embeddable":true,"href":"https:\/\/yeni.maliyeokulu.org.tr\/index.php?rest_route=\/wp\/v2\/users\/1"}],"replies":[{"embeddable":true,"href":"https:\/\/yeni.maliyeokulu.org.tr\/index.php?rest_route=%2Fwp%2Fv2%2Fcomments&post=4936"}],"version-history":[{"count":0,"href":"https:\/\/yeni.maliyeokulu.org.tr\/index.php?rest_route=\/wp\/v2\/posts\/4936\/revisions"}],"wp:attachment":[{"href":"https:\/\/yeni.maliyeokulu.org.tr\/index.php?rest_route=%2Fwp%2Fv2%2Fmedia&parent=4936"}],"wp:term":[{"taxonomy":"category","embeddable":true,"href":"https:\/\/yeni.maliyeokulu.org.tr\/index.php?rest_route=%2Fwp%2Fv2%2Fcategories&post=4936"},{"taxonomy":"post_tag","embeddable":true,"href":"https:\/\/yeni.maliyeokulu.org.tr\/index.php?rest_route=%2Fwp%2Fv2%2Ftags&post=4936"}],"curies":[{"name":"wp","href":"https:\/\/api.w.org\/{rel}","templated":true}]}}