{"id":4951,"date":"2019-01-17T16:05:59","date_gmt":"2019-01-17T13:05:59","guid":{"rendered":"https:\/\/yeni.maliyeokulu.org.tr\/muratbudak\/"},"modified":"2025-08-02T18:25:36","modified_gmt":"2025-08-02T15:25:36","slug":"muratbudak","status":"publish","type":"post","link":"https:\/\/yeni.maliyeokulu.org.tr\/?p=4951","title":{"rendered":"Murat BUDAK"},"content":{"rendered":"<p>Bizden biri. Ayn\u0131 karavanay\u0131 payla\u015ft\u0131\u011f\u0131m\u0131z mezunlar\u0131m\u0131zdan. \u015eimdi Amasya Vergi Dairesi M\u00fcd\u00fcrl\u00fc\u011f\u00fcnde g\u00f6rev yap\u0131yor. Ama yaln\u0131zca vergi d\u00fc\u015f\u00fcnmek yetmiyor ona, zihninde \u00e7evre korumaya dair d\u00fc\u015f\u00fcnceler de olu\u015fmu\u015f;<\/p>\n<p><!--more--><\/p>\n<p>hatta&nbsp;kat\u0131 ve s\u0131v\u0131 maddelerin kar\u0131\u015f\u0131m\u0131ndan,&nbsp;farkl\u0131 demlenme s\u00fcrecinden ge\u00e7tikten sonra reaksiyonunu tamamlam\u0131\u015f bir kimyasal s\u0131v\u0131 hava filitre sistemi geli\u015ftirmi\u015f. Teknik olarak nokarbon olarak an\u0131l\u0131yor.<\/p>\n<p><span style=\"font-size: 13.3333px;\">Murat BUDAK. Maliye Okulu 1990 mezunu.&nbsp;<\/span><\/p>\n<p>D\u00fcn Derne\u011fimizin e-posta kutusuna bir iletisi geldi. Sn. Budak diyor ki;<\/p>\n<blockquote><p>{xtypo_quote}Okulumuzdan bir mucit \u00e7\u0131kmad\u0131 demeyelim.&nbsp;\u0130\u00e7imde kalan m\u00fchendislik ruhunu \u00f6ld\u00fcrmedim ve D\u00fcnyan\u0131n en ekonomik ve \u00e7evre dostu \u00fcr\u00fcn\u00fc Nokarbon&#8217;u (s\u0131v\u0131 hava filtresi) geli\u015ftirdim. Bu sayede ara\u00e7 emisyon de\u011ferlerinde %50 ve \u00fczeri d\u00fc\u015f\u00fc\u015f sa\u011flayarak \u00e7ocuklar\u0131m\u0131za daha temiz bir gelecek b\u0131rakmak i\u00e7in \u00e7al\u0131\u015f\u0131yorum, tabii bir g\u00fcn tuhaf bir trafik kazas\u0131na falan maruz kalmaz isem&#8230;&#8221;{\/xtypo_quote}<\/p><\/blockquote>\n<p>\u00dcstelik bulu\u015fuyla Amasya Ticaret ve Sanayi Odas\u0131n\u0131n katk\u0131s\u0131 ile Amasya \u00dcniversitesi taraf\u0131ndan d\u00fczenlenen &#8220;S\u00fcper Bir Fikrim Var&#8221; yar\u0131\u015fmas\u0131n\u0131n &#8220;Amasya Halk\u0131 Kendi Aralar\u0131nda Yar\u0131\u015f\u0131yor&#8221; b\u00f6l\u00fcm\u00fcnde &#8220;Nokarbon&#8221; projesiyle birincilik \u00f6d\u00fcl\u00fc de kazanm\u0131\u015f. Ancak, iletisinin son b\u00f6l\u00fcm\u00fcndeki &#8220;bir g\u00fcn tuhaf bir kazaya maruz kalmak&#8221; d\u00fc\u015f\u00fcncesi \u00e7ok kayg\u0131 verici. Anla\u015f\u0131lan o ki, projesi baz\u0131 kesimlerin tekerine \u00e7omak sokuyor. Dileriz d\u00fc\u015f\u00fcnd\u00fckleri kuruntu d\u00fczeyinde kals\u0131n.<\/p>\n<p><center><\/p>\n<table>\n<tbody>\n<tr>\n<td style=\"text-align: center;\"><span style=\"font-size: 10pt;\"><a href=\"https:\/\/yeni.maliyeokulu.org.tr\/wp-content\/uploads\/2019\/01\/nokarbon_odul.jpg\" data-lightbox=\"on\"><img fetchpriority=\"high\" decoding=\"async\" style=\"margin: 15px;\" src=\"https:\/\/yeni.maliyeokulu.org.tr\/wp-content\/uploads\/2019\/01\/nokarbon_odul.jpg\" alt=\"nokarbon odul\" width=\"351\" height=\"233\" \/><\/a><\/span><\/td>\n<td><span style=\"font-size: 10pt;\"><a href=\"https:\/\/yeni.maliyeokulu.org.tr\/wp-content\/uploads\/2019\/01\/nanokarbon.jpg\" data-lightbox=\"on\"><img decoding=\"async\" class=\" size-full wp-image-4950\" style=\"margin-top: 5px; margin-bottom: 5px;\" src=\"https:\/\/yeni.maliyeokulu.org.tr\/wp-content\/uploads\/2019\/01\/nanokarbon.jpg\" alt=\"nanokarbon\" width=\"351\" height=\"233\" \/><\/a><\/span><\/td>\n<\/tr>\n<tr>\n<td style=\"text-align: center;\" colspan=\"2\"><span style=\"font-size: 8pt;\">Foto\u011fraflar\u0131 b\u00fcy\u00fctmek i\u00e7in t\u0131klay\u0131n\u0131z<\/span><\/td>\n<\/tr>\n<\/tbody>\n<\/table>\n<p><\/center><\/p>\n<p><span style=\"font-size: 10pt;\">&nbsp;Sn Budak&#8217;a projeniz nerelerde ve ne ama\u00e7la kullan\u0131l\u0131yor diye sorduk, ba\u015flad\u0131 anlatmaya, biz de \u015fa\u015f\u0131rd\u0131k:<\/span><\/p>\n<blockquote><p><span style=\"font-size: 10pt;\"><em>NoKarbon, ara\u00e7 motorlar\u0131n\u0131n silindirlerine gelen hava yak\u0131t kar\u0131\u015f\u0131m\u0131n\u0131n, bu sistemin kendi b\u00fcnyesinde iyonize ederek verdi\u011fi hava ile birle\u015fip y\u00fcksek oranda yanmas\u0131n\u0131 ve par\u00e7alanmas\u0131n\u0131 sa\u011flayan s\u0131v\u0131 hava filtresi yak\u0131t destek sistemi. B\u00f6ylece&nbsp;silindir i\u00e7erisindeki yanmadan kaybedilen yak\u0131t\u0131n neredeyse tamam\u0131n\u0131n yanmas\u0131 sa\u011flan\u0131yor. Dolay\u0131s\u0131yla bu sistem motorlu ara\u00e7larda kullan\u0131l\u0131yor. Bu sistemin kullan\u0131ld\u0131\u011f\u0131 motorlarda&nbsp;emisyon de\u011ferleri ve zehir sal\u0131n\u0131m\u0131 olan egzoz karbonmonoksit art\u0131\u011f\u0131&nbsp;% 50-90 civar\u0131nda de\u011fi\u015ferek \u00e7evre korumaya yard\u0131mc\u0131 oluyor. Motorlardaki etkisini ise \u015f\u00f6yle s\u0131ralayay\u0131m;&nbsp;yak\u0131tta&nbsp;%6 &#8211; %30&nbsp;aras\u0131 tasarruf garanti,&nbsp;motor \u00f6mr\u00fc en \u00fcst d\u00fczeye kadar uzuyor,&nbsp;motor g\u00fcc\u00fc&nbsp;%5 &#8211; %20&nbsp;oranlara kadar art\u0131yor,&nbsp;motor daha az g\u00fcr\u00fclt\u00fcl\u00fc \u00e7al\u0131\u015f\u0131yor,&nbsp;egzoz ve katalizat\u00f6r \u00f6mr\u00fc art\u0131yor.<\/em><\/span><\/p><\/blockquote>\n<p>&nbsp;<\/p>\n<p><span style=\"font-size: 10pt;\">Projesine patent al\u0131p almad\u0131\u011f\u0131n\u0131 da sorduk. &#8220;Ba\u015fvurdum tabii, fakat di\u011fer ba\u015fvurdu\u011fum \u00fcniversiteler gibi projemi \u00e7almaya \u00e7al\u0131\u015ft\u0131lar, ben de vazge\u00e7tim.&#8221; dedi. B\u00f6yle hem \u00e7evreye, hem gelece\u011fe, hem araca ve hem de cebe yararl\u0131 b\u00f6yle bir projeye destek olunaca\u011f\u0131 yerde inan\u0131lmaz k\u00f6stek olunmu\u015f anla\u015f\u0131lan. Baz\u0131 firmalar da m\u00fchendis olmad\u0131\u011f\u0131 i\u00e7in ba\u015fvurusunu kabul etmemi\u015f! Sanki b\u00fct\u00fcn mucitler m\u00fchendismi\u015f gibi.<\/span><\/p>\n<p><span style=\"font-size: 10pt;\">Maliye Okulunda vergi, g\u00fcmr\u00fck, b\u00fct\u00e7e, ekonomi, hukuk \u00f6\u011fren, enerjini bunlar\u0131n yan\u0131 s\u0131ra \u00e7evre korumaya da harca. Y\u00fcrekten kutluyoruz sizi Murat BUDAK. Gurur ve k\u0131van\u00e7 kayna\u011f\u0131m\u0131z oldunuz.<\/span> <span style=\"font-size: 10pt;\">Umar\u0131z Sn Budak&#8217;\u0131n projesi \u00f6ng\u00f6r\u00fc sahibi bir giri\u015fimci ya da otomobil \u00fcreticileri taraf\u0131ndan fark edilir.<\/span><\/p>\n","protected":false},"excerpt":{"rendered":"<p>Bizden biri. Ayn\u0131 karavanay\u0131 payla\u015ft\u0131\u011f\u0131m\u0131z mezunlar\u0131m\u0131zdan. \u015eimdi Amasya Vergi Dairesi M\u00fcd\u00fcrl\u00fc\u011f\u00fcnde g\u00f6rev yap\u0131yor. Ama yaln\u0131zca vergi d\u00fc\u015f\u00fcnmek yetmiyor ona, zihninde \u00e7evre korumaya dair d\u00fc\u015f\u00fcnceler de olu\u015fmu\u015f;<\/p>\n","protected":false},"author":1,"featured_media":4949,"comment_status":"open","ping_status":"open","sticky":false,"template":"","format":"standard","meta":{"_eb_attr":"","_gspb_post_css":"","_crdt_document":"","footnotes":""},"categories":[121],"tags":[],"class_list":["post-4951","post","type-post","status-publish","format-standard","has-post-thumbnail","hentry","category-haber-arsivi"],"blocksy_meta":[],"_links":{"self":[{"href":"https:\/\/yeni.maliyeokulu.org.tr\/index.php?rest_route=\/wp\/v2\/posts\/4951","targetHints":{"allow":["GET"]}}],"collection":[{"href":"https:\/\/yeni.maliyeokulu.org.tr\/index.php?rest_route=\/wp\/v2\/posts"}],"about":[{"href":"https:\/\/yeni.maliyeokulu.org.tr\/index.php?rest_route=\/wp\/v2\/types\/post"}],"author":[{"embeddable":true,"href":"https:\/\/yeni.maliyeokulu.org.tr\/index.php?rest_route=\/wp\/v2\/users\/1"}],"replies":[{"embeddable":true,"href":"https:\/\/yeni.maliyeokulu.org.tr\/index.php?rest_route=%2Fwp%2Fv2%2Fcomments&post=4951"}],"version-history":[{"count":1,"href":"https:\/\/yeni.maliyeokulu.org.tr\/index.php?rest_route=\/wp\/v2\/posts\/4951\/revisions"}],"predecessor-version":[{"id":18323,"href":"https:\/\/yeni.maliyeokulu.org.tr\/index.php?rest_route=\/wp\/v2\/posts\/4951\/revisions\/18323"}],"wp:featuredmedia":[{"embeddable":true,"href":"https:\/\/yeni.maliyeokulu.org.tr\/index.php?rest_route=\/wp\/v2\/media\/4949"}],"wp:attachment":[{"href":"https:\/\/yeni.maliyeokulu.org.tr\/index.php?rest_route=%2Fwp%2Fv2%2Fmedia&parent=4951"}],"wp:term":[{"taxonomy":"category","embeddable":true,"href":"https:\/\/yeni.maliyeokulu.org.tr\/index.php?rest_route=%2Fwp%2Fv2%2Fcategories&post=4951"},{"taxonomy":"post_tag","embeddable":true,"href":"https:\/\/yeni.maliyeokulu.org.tr\/index.php?rest_route=%2Fwp%2Fv2%2Ftags&post=4951"}],"curies":[{"name":"wp","href":"https:\/\/api.w.org\/{rel}","templated":true}]}}