{"id":4953,"date":"2019-01-25T22:43:59","date_gmt":"2019-01-25T19:43:59","guid":{"rendered":"https:\/\/yeni.maliyeokulu.org.tr\/istanbul-2019-balosu\/"},"modified":"2025-08-02T18:25:35","modified_gmt":"2025-08-02T15:25:35","slug":"istanbul-2019-balosu","status":"publish","type":"post","link":"https:\/\/yeni.maliyeokulu.org.tr\/?p=4953","title":{"rendered":"\u0130stanbul \u015eubesi Etkinli\u011fine Davet"},"content":{"rendered":"<p><center><\/p>\n<p style=\"text-align: justify;\"><span style=\"font-size: 13px;\"><span style=\"text-align: justify; font-size: 13px;\"><\/span><\/span><\/p>\n<p><\/center><\/p>\n<p style=\"text-align: justify;\"><span style=\"font-size: 10pt; font-family: verdana, geneva;\">Ge\u00e7ti\u011fimiz y\u0131llarda sanatsal ve k\u00fclt\u00fcrel etkinliklerle mezunlar\u0131m\u0131z\u0131 bir araya getirmeyi ba\u015faran MOMDER \u0130stanbul \u015eubesi, yeni y\u0131l\u0131n ilk etkinli\u011fini Mercure Hotel&#8217;deki balo ile ger\u00e7ekle\u015ftiriyor.<\/span><\/p>\n<p style=\"text-align: justify;\"><span style=\"font-size: 10pt; font-family: verdana, geneva;\">&#8220;<strong><em>Uzun bir aradan sonra, bir araya gelmeyi hak ettik<\/em><\/strong>&#8221; slogan\u0131 ile t\u00fcm mezunlar\u0131m\u0131z\u0131 <strong>15 \u015eubat Cuma<\/strong> gecesi d\u00fczenlenecek organizasyona davet eden \u0130stanbul&#8217;un ileti\u015fim, fiyat ve \u00f6deme bilgileri a\u015fa\u011f\u0131daki davetiyede g\u00f6steriliyor.<\/span><\/p>\n<p style=\"text-align: justify;\"><span style=\"font-size: 10pt; font-family: verdana, geneva;\">Mercure Hotel&#8217;in kapasitesinin s\u0131n\u0131rl\u0131 oldu\u011fu nedeniyle kat\u0131l\u0131m bedelinin Feriha DERYA&#8217;ya aktar\u0131larak Deniz TORUS arac\u0131l\u0131\u011f\u0131yla rezervasyon yapt\u0131r\u0131lmas\u0131 gerekiyor.<\/span><\/p>\n<div><img fetchpriority=\"high\" decoding=\"async\" class=\" size-full wp-image-4952\" style=\"display: block; margin-left: auto; margin-right: auto;\" src=\"https:\/\/yeni.maliyeokulu.org.tr\/wp-content\/uploads\/2019\/01\/IstBalo.jpg\" alt=\"IstBalo\" width=\"640\" height=\"480\" srcset=\"https:\/\/yeni.maliyeokulu.org.tr\/wp-content\/uploads\/2019\/01\/IstBalo.jpg 640w, https:\/\/yeni.maliyeokulu.org.tr\/wp-content\/uploads\/2019\/01\/IstBalo-300x225.jpg 300w\" sizes=\"(max-width: 640px) 100vw, 640px\" \/>&nbsp;<\/div>\n<p style=\"text-align: left;\">\n<p style=\"text-align: center;\"><a style=\"font-size: 2em;\" href=\"#top\"><img decoding=\"async\" class=\" size-full wp-image-4388\" src=\"https:\/\/yeni.maliyeokulu.org.tr\/wp-content\/uploads\/2009\/09\/mo_damga.png\" alt=\"mo damga\" width=\"90\" height=\"76\" srcset=\"https:\/\/yeni.maliyeokulu.org.tr\/wp-content\/uploads\/2009\/09\/mo_damga.png 880w, https:\/\/yeni.maliyeokulu.org.tr\/wp-content\/uploads\/2009\/09\/mo_damga-300x254.png 300w, https:\/\/yeni.maliyeokulu.org.tr\/wp-content\/uploads\/2009\/09\/mo_damga-768x649.png 768w\" sizes=\"(max-width: 90px) 100vw, 90px\" \/><\/a><\/p>\n","protected":false},"excerpt":{"rendered":"<p>Ge\u00e7ti\u011fimiz y\u0131llarda sanatsal ve k\u00fclt\u00fcrel etkinliklerle mezunlar\u0131m\u0131z\u0131 bir araya getirmeyi ba\u015faran MOMDER \u0130stanbul \u015eubesi, yeni y\u0131l\u0131n ilk etkinli\u011fini Mercure Hotel&#8217;deki balo ile ger\u00e7ekle\u015ftiriyor. &#8220;Uzun bir aradan sonra, bir araya gelmeyi hak ettik&#8221; slogan\u0131 ile t\u00fcm mezunlar\u0131m\u0131z\u0131 15 \u015eubat Cuma gecesi d\u00fczenlenecek organizasyona davet eden \u0130stanbul&#8217;un ileti\u015fim, fiyat ve \u00f6deme bilgileri a\u015fa\u011f\u0131daki davetiyede g\u00f6steriliyor. Mercure Hotel&#8217;in [&hellip;]<\/p>\n","protected":false},"author":1,"featured_media":4952,"comment_status":"open","ping_status":"open","sticky":false,"template":"","format":"standard","meta":{"_eb_attr":"","_gspb_post_css":"","_crdt_document":"","footnotes":""},"categories":[121],"tags":[],"class_list":["post-4953","post","type-post","status-publish","format-standard","has-post-thumbnail","hentry","category-haber-arsivi"],"blocksy_meta":[],"_links":{"self":[{"href":"https:\/\/yeni.maliyeokulu.org.tr\/index.php?rest_route=\/wp\/v2\/posts\/4953","targetHints":{"allow":["GET"]}}],"collection":[{"href":"https:\/\/yeni.maliyeokulu.org.tr\/index.php?rest_route=\/wp\/v2\/posts"}],"about":[{"href":"https:\/\/yeni.maliyeokulu.org.tr\/index.php?rest_route=\/wp\/v2\/types\/post"}],"author":[{"embeddable":true,"href":"https:\/\/yeni.maliyeokulu.org.tr\/index.php?rest_route=\/wp\/v2\/users\/1"}],"replies":[{"embeddable":true,"href":"https:\/\/yeni.maliyeokulu.org.tr\/index.php?rest_route=%2Fwp%2Fv2%2Fcomments&post=4953"}],"version-history":[{"count":1,"href":"https:\/\/yeni.maliyeokulu.org.tr\/index.php?rest_route=\/wp\/v2\/posts\/4953\/revisions"}],"predecessor-version":[{"id":18322,"href":"https:\/\/yeni.maliyeokulu.org.tr\/index.php?rest_route=\/wp\/v2\/posts\/4953\/revisions\/18322"}],"wp:featuredmedia":[{"embeddable":true,"href":"https:\/\/yeni.maliyeokulu.org.tr\/index.php?rest_route=\/wp\/v2\/media\/4952"}],"wp:attachment":[{"href":"https:\/\/yeni.maliyeokulu.org.tr\/index.php?rest_route=%2Fwp%2Fv2%2Fmedia&parent=4953"}],"wp:term":[{"taxonomy":"category","embeddable":true,"href":"https:\/\/yeni.maliyeokulu.org.tr\/index.php?rest_route=%2Fwp%2Fv2%2Fcategories&post=4953"},{"taxonomy":"post_tag","embeddable":true,"href":"https:\/\/yeni.maliyeokulu.org.tr\/index.php?rest_route=%2Fwp%2Fv2%2Ftags&post=4953"}],"curies":[{"name":"wp","href":"https:\/\/api.w.org\/{rel}","templated":true}]}}