{"id":4959,"date":"2019-02-25T00:39:44","date_gmt":"2019-02-24T21:39:44","guid":{"rendered":"https:\/\/yeni.maliyeokulu.org.tr\/bilim-ve-yayin-kurullari-olusturuldu\/"},"modified":"2025-08-02T18:25:35","modified_gmt":"2025-08-02T15:25:35","slug":"bilim-ve-yayin-kurullari-olusturuldu","status":"publish","type":"post","link":"https:\/\/yeni.maliyeokulu.org.tr\/?p=4959","title":{"rendered":"Bilim ve Yay\u0131n Kurullar\u0131 Olu\u015fturuldu"},"content":{"rendered":"<div>Sevgili Mezunlar\u0131m\u0131z,<br \/>Bilindi\u011fi \u00fczere, Ankara\u2019da 15-16 Aral\u0131k g\u00fcnlerinde, Maliye Okulu olarak hizmet vermi\u015f e\u011fitim binalar\u0131nda yapt\u0131\u011f\u0131m\u0131z Ulus Y\u0131l Sonu Toplant\u0131s\u0131nda al\u0131nan kararlardan biri de \u201c<strong>dergi, e-dergi ve bilimsel kitap \u00e7\u0131karacak kurullar\u0131n olu\u015fturulmas\u0131<\/strong>\u201d idi.<\/div>\n<p><!--more--><\/p>\n<div>{xtypo_rounded2}<\/p>\n<div>\n<div>\n<div>Sevgili Mezunlar\u0131m\u0131z,<br \/>Bilindi\u011fi \u00fczere, Ankara\u2019da 15-16 Aral\u0131k g\u00fcnlerinde, Maliye Okulu olarak hizmet vermi\u015f e\u011fitim binalar\u0131nda yapt\u0131\u011f\u0131m\u0131z Ulus Y\u0131l Sonu Toplant\u0131s\u0131nda al\u0131nan kararlardan biri de \u201c<strong>dergi, e-dergi ve bilimsel kitap \u00e7\u0131karacak kurullar\u0131n olu\u015fturulmas\u0131<\/strong>\u201d idi. Sonu\u00e7 Bildirgesinde de deklare etti\u011fimiz gibi, MOMDER olarak bu kapsamdaki \u00e7al\u0131\u015fmalar\u0131m\u0131z\u0131 di\u011fer derneklerimiz ile birlikte iki ay i\u00e7inde sonu\u00e7land\u0131raca\u011f\u0131m\u0131z\u0131 a\u00e7\u0131klam\u0131\u015ft\u0131k.<\/p>\n<p>Bu \u00e7er\u00e7evede, kat\u0131l\u0131mc\u0131lar\u0131n mutab\u0131k kald\u0131\u011f\u0131 \u201cYay\u0131n Kurulunda yaln\u0131zca akademisyenlerin de\u011fil, kamuda veya \u00f6zel sekt\u00f6rde g\u00f6rev yapan akademik unvan\u0131 olmayan mezunlar\u0131m\u0131z\u0131n da yer almas\u0131 gerekti\u011fi\u201d g\u00f6r\u00fc\u015f\u00fcnden hareketle, katk\u0131lar\u0131n\u0131 esirgemeyeceklerini d\u00fc\u015f\u00fcnd\u00fc\u011f\u00fcm\u00fcz geni\u015f mesleki yelpazede bir Yay\u0131n Kurulunu, \u0130stanbul ve \u0130zmir \u015eubelerimiz; Antalya, Bursa, Gaziantep, Mersin derneklerimiz ve MOSK ile birlikte olu\u015fturduk.<\/p>\n<p>Bu komisyon ve kurullar\u0131n, g\u00f6rev almak isteyen t\u00fcm mezunlar\u0131m\u0131za a\u00e7\u0131k oldu\u011funu bir kez daha yineliyoruz.<\/p>\n<p>Toplant\u0131da Say\u0131n&nbsp;<strong>Dr. Ahmet Kavak<\/strong>&nbsp;taraf\u0131ndan dile getirilen \u201c<em>Dernek Ba\u015fkanl\u0131\u011f\u0131 alt\u0131nda Bilim Kurulunun olmas\u0131 ve konular\u0131n bu kurulun s\u00fczgecinden ge\u00e7irilmesinin zorunlu oldu\u011fu<\/em>\u201d g\u00f6r\u00fc\u015f\u00fcn\u00fc \u015fiar edinerek, Bilim Kurulunun yan\u0131nda e-dergicilik i\u00e7in Yay\u0131n Kurulu ve her dergide farkl\u0131 adlar alt\u0131nda da olsa Yay\u0131n Kurulu i\u00e7inde Dan\u0131\u015fma ve Okuma Komisyonlar\u0131n\u0131n olu\u015fturulmas\u0131n\u0131, bu komisyonlar\u0131n ise ba\u011f\u0131ms\u0131z ve tarafs\u0131z olarak Yay\u0131n Kurulu \u00fcyeleri taraf\u0131ndan kendi i\u00e7 dinamikleriyle belirlemesinin uygun olaca\u011f\u0131na karar verdik.<\/p>\n<p>Derne\u011fimizin 1988 ve 2004 y\u0131llar\u0131nda ba\u015flatt\u0131\u011f\u0131, ancak iki\u015fer say\u0131dan fazla s\u00fcrd\u00fcr\u00fclmesi olanakl\u0131 olmayan dergicilik s\u00fcrecinde ya\u015fanan sorunlar\u0131 bilerek, dolay\u0131s\u0131yla maalesef y\u00fcr\u00fcmeyen her iki deneyimi g\u00f6z \u00f6n\u00fcnde bulundurarak yay\u0131nc\u0131l\u0131\u011fa \u00f6ncelikle internet ortam\u0131nda e-dergi olu\u015fturarak ba\u015flamak ve yay\u0131n hayat\u0131nda biz yine var\u0131z demek istiyoruz.<\/p>\n<p>Bu arada, Maliye ve Vergi Tarihi ile T\u00fcrkiye\u2019de hen\u00fcz giri\u015filmeyen Vergi M\u00fczecili\u011fi konular\u0131nda bilimsel \u00e7al\u0131\u015fmalar\u0131 bulunan, ayr\u0131ca Kayseri \u0130htisas K\u00fct\u00fcphanesi M\u00fcd\u00fcrl\u00fc\u011f\u00fc g\u00f6revini de s\u00fcrd\u00fcren, ar\u015fivcilik ve kurumsal kimlikler konusunda deneyimli Say\u0131n&nbsp;<strong>Dr. \u00d6\u011fretim \u00dcyesi Ahmet Somuncu<\/strong>\u2019nun \u201cDok\u00fcman Toplama Merkezi\u201d olu\u015fturma fikrini \u00f6nemsiyoruz. Bunun, Okulumuz ve mezunlar\u0131m\u0131z\u0131n \u00dclkemizin maliye ve ekonomi alan\u0131ndaki \u00f6nem ve de\u011ferinin ortaya \u00e7\u0131kar\u0131lmas\u0131 a\u00e7\u0131s\u0131ndan \u00fczerinde \u00f6nemle durulmas\u0131 ve titizlikle \u00e7al\u0131\u015f\u0131lmas\u0131 gereken bilimsel bir konu oldu\u011funun bilincindeyiz.<\/p>\n<p>Bu ba\u011flamda,&nbsp;Genel Merkez Y\u00f6netim Kurulu \u00fcyemiz Say\u0131n Mesut Kullar ile&nbsp;\u00e7e\u015fitli illerdeki derneklerimizin Yay\u0131n Kurulu i\u00e7in belirledikleri temsilciler kurumsal kimli\u011fimiz \u015femsiyesi alt\u0131nda bu koordinasyonu sa\u011flayacaklard\u0131r. T\u00fcm mezunlar\u0131m\u0131z\u0131n da bu kapsamda yap\u0131lacak \u00e7al\u0131\u015fmalarda bir kez daha Maliye Okulu Ailesinden olarak ve Maliye Okulu ruhu ile hareket ederek MOMDER\u2019e ve Derneklerimize gereken deste\u011fi verece\u011fini biliyoruz.<\/p>\n<p>\u00dclkemizin kamu ve \u00f6zel sekt\u00f6r\u00fcndeki kurumsal ya da bireysel en k\u00fc\u00e7\u00fck biriminden en \u00fcst kademelerine kadar \u00f6zverili \u00e7al\u0131\u015fma ve \u00fcst\u00fcn ba\u015far\u0131lar\u0131 ile kendisini kan\u0131tlam\u0131\u015f mezunlar\u0131m\u0131z\u0131n tan\u0131t\u0131m\u0131na \u00f6nemli \u00f6l\u00e7\u00fcde katk\u0131 sa\u011flayacak e-dergimiz ile kurumsal kimli\u011fimizin de yay\u0131n ya\u015fam\u0131nda bir ekol olu\u015fturaca\u011f\u0131na inanc\u0131m\u0131z tamd\u0131r.<img decoding=\"async\" class=\" alignright size-full wp-image-4195\" style=\"float: right;\" src=\"https:\/\/yeni.maliyeokulu.org.tr\/wp-content\/uploads\/2006\/10\/MO-tpDamga-Logo.png\" alt=\"MO tpDamga Logo\" width=\"135\" height=\"115\" srcset=\"https:\/\/yeni.maliyeokulu.org.tr\/wp-content\/uploads\/2006\/10\/MO-tpDamga-Logo.png 536w, https:\/\/yeni.maliyeokulu.org.tr\/wp-content\/uploads\/2006\/10\/MO-tpDamga-Logo-300x254.png 300w\" sizes=\"(max-width: 135px) 100vw, 135px\" \/><\/p>\n<p>Sayg\u0131 ve Sevgilerimizle<\/p>\n<p><strong>Ahmet Kaya<br \/><\/strong><strong>Maliye Okulu Mezunlar\u0131 Derne\u011fi Genel Ba\u015fkan\u0131<\/strong><br \/>&nbsp;<\/p>\n<div class=\"uiScaledImageContainer _517g\"><a class=\"_4-eo _2t9n _50z9\" href=\"https:\/\/www.facebook.com\/photo.php?fbid=10156860443548444&#038;set=gm.2028822793861290&#038;type=3&#038;eid=ARCWdw5a3xKVG4ySPm2iqtkhkpnGdkdVjyrKr3ewJADtn7YGrE78rRoQTmvCIC4VLHMUc-XKS76YLXqG&#038;ifg=1\" rel=\"theater\" data-ploi=\"https:\/\/scontent-frt3-2.xx.fbcdn.net\/v\/t1.0-9\/52595421_10156860443553444_5140742314741727232_o.jpg?_nc_cat=102&#038;_nc_ht=scontent-frt3-2.xx&#038;oh=2718d09b4b7b1a220ed1231f6888050c&#038;oe=5D235D85\" data-plsi=\"https:\/\/scontent-frt3-2.xx.fbcdn.net\/v\/t1.0-9\/52852014_10156860443558444_5234151522647932928_n.jpg?_nc_cat=109&#038;_nc_ht=scontent-frt3-2.xx&#038;oh=f51359ef75fb51c2658b2448b45a4d1f&#038;oe=5CF31B66\" data-render-location=\"group_permalink\" data-ft=\"{\"><img fetchpriority=\"high\" decoding=\"async\" class=\"scaledImageFitWidth img\" style=\"display: block; margin-left: auto; margin-right: auto;\" src=\"https:\/\/scontent-frt3-2.xx.fbcdn.net\/v\/t1.0-9\/52595421_10156860443553444_5140742314741727232_o.jpg?_nc_cat=102&#038;_nc_ht=scontent-frt3-2.xx&#038;oh=2718d09b4b7b1a220ed1231f6888050c&#038;oe=5D235D85\" alt=\"Foto\u011fraf a\u00e7\u0131klamas\u0131 yok.\" width=\"682\" height=\"686\" \/><\/a><\/div>\n<p><a href=\"#top\"><img decoding=\"async\" class=\" size-full wp-image-4388\" style=\"display: block; margin-left: auto; margin-right: auto;\" src=\"https:\/\/yeni.maliyeokulu.org.tr\/wp-content\/uploads\/2009\/09\/mo_damga.png\" alt=\"mo damga\" width=\"90\" height=\"76\" srcset=\"https:\/\/yeni.maliyeokulu.org.tr\/wp-content\/uploads\/2009\/09\/mo_damga.png 880w, https:\/\/yeni.maliyeokulu.org.tr\/wp-content\/uploads\/2009\/09\/mo_damga-300x254.png 300w, https:\/\/yeni.maliyeokulu.org.tr\/wp-content\/uploads\/2009\/09\/mo_damga-768x649.png 768w\" sizes=\"(max-width: 90px) 100vw, 90px\" \/><\/a><\/p>\n<\/div>\n<\/div>\n<div>{\/xtypo_rounded2}<\/div>\n<\/div>\n<\/div>\n<p>&nbsp;<\/p>\n","protected":false},"excerpt":{"rendered":"<p>Sevgili Mezunlar\u0131m\u0131z,Bilindi\u011fi \u00fczere, Ankara\u2019da 15-16 Aral\u0131k g\u00fcnlerinde, Maliye Okulu olarak hizmet vermi\u015f e\u011fitim binalar\u0131nda yapt\u0131\u011f\u0131m\u0131z Ulus Y\u0131l Sonu Toplant\u0131s\u0131nda al\u0131nan kararlardan biri de \u201cdergi, e-dergi ve bilimsel kitap \u00e7\u0131karacak kurullar\u0131n olu\u015fturulmas\u0131\u201d idi.<\/p>\n","protected":false},"author":1,"featured_media":4195,"comment_status":"open","ping_status":"open","sticky":false,"template":"","format":"standard","meta":{"_eb_attr":"","_gspb_post_css":"","_crdt_document":"","footnotes":""},"categories":[121],"tags":[],"class_list":["post-4959","post","type-post","status-publish","format-standard","has-post-thumbnail","hentry","category-haber-arsivi"],"blocksy_meta":[],"_links":{"self":[{"href":"https:\/\/yeni.maliyeokulu.org.tr\/index.php?rest_route=\/wp\/v2\/posts\/4959","targetHints":{"allow":["GET"]}}],"collection":[{"href":"https:\/\/yeni.maliyeokulu.org.tr\/index.php?rest_route=\/wp\/v2\/posts"}],"about":[{"href":"https:\/\/yeni.maliyeokulu.org.tr\/index.php?rest_route=\/wp\/v2\/types\/post"}],"author":[{"embeddable":true,"href":"https:\/\/yeni.maliyeokulu.org.tr\/index.php?rest_route=\/wp\/v2\/users\/1"}],"replies":[{"embeddable":true,"href":"https:\/\/yeni.maliyeokulu.org.tr\/index.php?rest_route=%2Fwp%2Fv2%2Fcomments&post=4959"}],"version-history":[{"count":1,"href":"https:\/\/yeni.maliyeokulu.org.tr\/index.php?rest_route=\/wp\/v2\/posts\/4959\/revisions"}],"predecessor-version":[{"id":18319,"href":"https:\/\/yeni.maliyeokulu.org.tr\/index.php?rest_route=\/wp\/v2\/posts\/4959\/revisions\/18319"}],"wp:featuredmedia":[{"embeddable":true,"href":"https:\/\/yeni.maliyeokulu.org.tr\/index.php?rest_route=\/wp\/v2\/media\/4195"}],"wp:attachment":[{"href":"https:\/\/yeni.maliyeokulu.org.tr\/index.php?rest_route=%2Fwp%2Fv2%2Fmedia&parent=4959"}],"wp:term":[{"taxonomy":"category","embeddable":true,"href":"https:\/\/yeni.maliyeokulu.org.tr\/index.php?rest_route=%2Fwp%2Fv2%2Fcategories&post=4959"},{"taxonomy":"post_tag","embeddable":true,"href":"https:\/\/yeni.maliyeokulu.org.tr\/index.php?rest_route=%2Fwp%2Fv2%2Ftags&post=4959"}],"curies":[{"name":"wp","href":"https:\/\/api.w.org\/{rel}","templated":true}]}}