{"id":4964,"date":"2019-11-10T13:39:25","date_gmt":"2019-11-10T10:39:25","guid":{"rendered":"https:\/\/yeni.maliyeokulu.org.tr\/19may19\/"},"modified":"2025-08-02T18:25:35","modified_gmt":"2025-08-02T15:25:35","slug":"19may19","status":"publish","type":"post","link":"https:\/\/yeni.maliyeokulu.org.tr\/?p=4964","title":{"rendered":"19 May\u0131s 2019"},"content":{"rendered":"<p>{xtypo_rounded2}<\/p>\n<h1 style=\"text-align: center;\"><img fetchpriority=\"high\" decoding=\"async\" class=\" size-full wp-image-4963\" src=\"https:\/\/yeni.maliyeokulu.org.tr\/wp-content\/uploads\/2019\/11\/19-mayis-100yil-ATAturk.png\" alt=\"19 mayis 100yil ATAturk\" width=\"792\" height=\"452\" srcset=\"https:\/\/yeni.maliyeokulu.org.tr\/wp-content\/uploads\/2019\/11\/19-mayis-100yil-ATAturk.png 965w, https:\/\/yeni.maliyeokulu.org.tr\/wp-content\/uploads\/2019\/11\/19-mayis-100yil-ATAturk-300x171.png 300w, https:\/\/yeni.maliyeokulu.org.tr\/wp-content\/uploads\/2019\/11\/19-mayis-100yil-ATAturk-768x439.png 768w\" sizes=\"(max-width: 792px) 100vw, 792px\" \/><\/h1>\n<h2 style=\"color: #f62523; text-align: center;\">100 Y\u0131ld\u0131r Hepimiz Band\u0131rma Vapurunday\u0131z. <br \/>Tam Ba\u011f\u0131ms\u0131z, Demokratik, Sosyal ve Laik T\u00fcrkiye Cumhuriyeti Hedefinde <br \/>19 May\u0131s&#8217;\u0131n 100. Y\u0131l\u0131nda da <br \/>Atat\u00fcrk&#8217;\u00fcn Yolunda Y\u00fcr\u00fcmeye Devam Edece\u011fiz.<\/p>\n<p>19 May\u0131s Atat\u00fcrk&#8217;\u00fc Anma, Gen\u00e7lik ve Spor Bayram\u0131m\u0131z<br \/>Kutlu Olsun<\/h2>\n<p><a href=\"#top\"><img decoding=\"async\" class=\" size-full wp-image-4388\" style=\"display: block; margin-left: auto; margin-right: auto;\" src=\"https:\/\/yeni.maliyeokulu.org.tr\/wp-content\/uploads\/2009\/09\/mo_damga.png\" alt=\"mo damga\" width=\"90\" height=\"76\" srcset=\"https:\/\/yeni.maliyeokulu.org.tr\/wp-content\/uploads\/2009\/09\/mo_damga.png 880w, https:\/\/yeni.maliyeokulu.org.tr\/wp-content\/uploads\/2009\/09\/mo_damga-300x254.png 300w, https:\/\/yeni.maliyeokulu.org.tr\/wp-content\/uploads\/2009\/09\/mo_damga-768x649.png 768w\" sizes=\"(max-width: 90px) 100vw, 90px\" \/><\/a><\/p>\n<p>{\/xtypo_rounded2}<\/p>\n","protected":false},"excerpt":{"rendered":"<p>{xtypo_rounded2} 100 Y\u0131ld\u0131r Hepimiz Band\u0131rma Vapurunday\u0131z. Tam Ba\u011f\u0131ms\u0131z, Demokratik, Sosyal ve Laik T\u00fcrkiye Cumhuriyeti Hedefinde 19 May\u0131s&#8217;\u0131n 100. Y\u0131l\u0131nda da Atat\u00fcrk&#8217;\u00fcn Yolunda Y\u00fcr\u00fcmeye Devam Edece\u011fiz. 19 May\u0131s Atat\u00fcrk&#8217;\u00fc Anma, Gen\u00e7lik ve Spor Bayram\u0131m\u0131zKutlu Olsun {\/xtypo_rounded2}<\/p>\n","protected":false},"author":1,"featured_media":4963,"comment_status":"open","ping_status":"open","sticky":false,"template":"","format":"standard","meta":{"_eb_attr":"","_gspb_post_css":"","_crdt_document":"","footnotes":""},"categories":[121],"tags":[],"class_list":["post-4964","post","type-post","status-publish","format-standard","has-post-thumbnail","hentry","category-haber-arsivi"],"blocksy_meta":[],"_links":{"self":[{"href":"https:\/\/yeni.maliyeokulu.org.tr\/index.php?rest_route=\/wp\/v2\/posts\/4964","targetHints":{"allow":["GET"]}}],"collection":[{"href":"https:\/\/yeni.maliyeokulu.org.tr\/index.php?rest_route=\/wp\/v2\/posts"}],"about":[{"href":"https:\/\/yeni.maliyeokulu.org.tr\/index.php?rest_route=\/wp\/v2\/types\/post"}],"author":[{"embeddable":true,"href":"https:\/\/yeni.maliyeokulu.org.tr\/index.php?rest_route=\/wp\/v2\/users\/1"}],"replies":[{"embeddable":true,"href":"https:\/\/yeni.maliyeokulu.org.tr\/index.php?rest_route=%2Fwp%2Fv2%2Fcomments&post=4964"}],"version-history":[{"count":1,"href":"https:\/\/yeni.maliyeokulu.org.tr\/index.php?rest_route=\/wp\/v2\/posts\/4964\/revisions"}],"predecessor-version":[{"id":18318,"href":"https:\/\/yeni.maliyeokulu.org.tr\/index.php?rest_route=\/wp\/v2\/posts\/4964\/revisions\/18318"}],"wp:featuredmedia":[{"embeddable":true,"href":"https:\/\/yeni.maliyeokulu.org.tr\/index.php?rest_route=\/wp\/v2\/media\/4963"}],"wp:attachment":[{"href":"https:\/\/yeni.maliyeokulu.org.tr\/index.php?rest_route=%2Fwp%2Fv2%2Fmedia&parent=4964"}],"wp:term":[{"taxonomy":"category","embeddable":true,"href":"https:\/\/yeni.maliyeokulu.org.tr\/index.php?rest_route=%2Fwp%2Fv2%2Fcategories&post=4964"},{"taxonomy":"post_tag","embeddable":true,"href":"https:\/\/yeni.maliyeokulu.org.tr\/index.php?rest_route=%2Fwp%2Fv2%2Ftags&post=4964"}],"curies":[{"name":"wp","href":"https:\/\/api.w.org\/{rel}","templated":true}]}}