{"id":4967,"date":"2019-11-16T18:56:34","date_gmt":"2019-11-16T15:56:34","guid":{"rendered":"https:\/\/yeni.maliyeokulu.org.tr\/sempozyum\/"},"modified":"2025-08-02T18:25:35","modified_gmt":"2025-08-02T15:25:35","slug":"sempozyum","status":"publish","type":"post","link":"https:\/\/yeni.maliyeokulu.org.tr\/?p=4967","title":{"rendered":"Trakya \u00dcniversitesi 4. Muhasebe Sempozyumu"},"content":{"rendered":"<h1 class=\"title\">Panels<\/h1>\n<p>Trakya \u00dcniversitesi taraf\u0131ndan d\u00fczenlenen&nbsp;1. Balkan Muhasebe ve Y\u00f6netim Tarihi Kongresinde&nbsp;ilk panel&nbsp;&#8220;Maliye Okulunun Tarihi&#8221; ba\u015fl\u0131\u011f\u0131yla Okulumuz ve mezunlar\u0131m\u0131za ayr\u0131ld\u0131.<\/p>\n<p><!--more--><\/p>\n<p>{xtypo_rounded2}<\/p>\n<p>&nbsp;<a onclick=\"window.open('&lt;a href=\" href=\"javascript:void(0);\">https:\/\/4thtrakyaaccfinaud.trakya.edu.tr\/print\/pages\/panels<\/a><\/p>\n<div class=\"content\">\n<div><strong><img fetchpriority=\"high\" decoding=\"async\" class=\"img img-responsive\" style=\"display: block; margin-left: auto; margin-right: auto;\" src=\"http:\/\/bys.trakya.edu.tr\/file\/open\/96097159\" alt=\"Resim\" width=\"798\" height=\"356\" \/><\/p>\n<p><\/strong><\/div>\n<div>&nbsp; &nbsp; &nbsp; &nbsp; &nbsp; &nbsp; &nbsp; &nbsp; &nbsp; &nbsp; &nbsp; &nbsp; &nbsp; &nbsp; &nbsp; &nbsp; &nbsp; &nbsp; &nbsp; &nbsp; &nbsp; &nbsp; &nbsp; &nbsp; &nbsp; &nbsp; &nbsp; &nbsp; &nbsp; &nbsp; &nbsp; &nbsp; &nbsp; &nbsp; &nbsp; &nbsp; &nbsp; &nbsp; &nbsp; &nbsp; &nbsp; &nbsp; &nbsp; &nbsp; &nbsp;<img decoding=\"async\" class=\"img img-responsive\" style=\"display: block; margin-left: auto; margin-right: auto;\" src=\"http:\/\/bys.trakya.edu.tr\/file\/open\/46034832\" alt=\"Resim\" width=\"152\" height=\"160\" \/><\/div>\n<div>&nbsp; &nbsp; &nbsp; &nbsp; &nbsp; &nbsp; &nbsp; &nbsp; &nbsp; &nbsp; &nbsp; &nbsp; &nbsp; &nbsp; &nbsp; &nbsp; &nbsp; &nbsp; &nbsp; &nbsp; &nbsp; &nbsp;&nbsp;<img decoding=\"async\" class=\"img img-responsive\" style=\"display: block; margin-left: auto; margin-right: auto;\" src=\"http:\/\/bys.trakya.edu.tr\/file\/open\/30890696\" alt=\"Resim\" width=\"499\" height=\"92\" \/><\/div>\n<div><a href=\"https:\/\/www.maliyeokulu.org.tr\/\">https:\/\/www.maliyeokulu.org.tr\/<\/a><\/p>\n<p>PANEL<\/p>\n<p>\u2018MAL\u0130YE OKULU TAR\u0130H\u0130\u2019<\/p>\n<p>Toplant\u0131 Ba\u015fkan\u0131: &nbsp;&nbsp;&nbsp;ORAL LEVENDER<\/p>\n<p><strong>KONU\u015eMACILAR (Kronolojik Konu S\u0131ras\u0131yla)<\/strong><\/p>\n<p>&#8212; \u201cOsmanl\u0131\u2019dan Cumhuriyete\u201d MAL\u0130YE OKULU<br \/>Prof Dr Ahmet Ak&nbsp;<\/p>\n<p>&#8212; CUMHUR\u0130YET Kurumu MAL\u0130YE OKULU<br \/>Ahmet Kaya<\/p>\n<p>&#8212; MAL\u0130YE OKULU \u201c\u00d6\u011frenci Profili, \u0130stihdam Alanlar\u0131\u201d<br \/>Av. Mehmet KAYA&nbsp;<\/p>\n<p>&#8212;\u201c\u00d6\u011frenci ve \u00d6\u011fretmen G\u00f6z\u00fcyle\u201d MAL\u0130YE OKULU<br \/>Dr Yusuf Ak\u00e7a<\/p>\n<p>MAL\u0130YE OKULU, \u201cMeslek Liseleri ve Kamusal Alanlarda Ara \u0130nsan E\u011fitimi\u201d<br \/>Dr Ahmet Kavak<\/p>\n<p>MAL\u0130YE OKULU, \u201cT\u00fcrk Maliyesi \u0130\u00e7indeki Yeri; Yoklu\u011fundaki Sorunlar, Eksiklikler\u201d<br \/>Prof Dr Ziyaettin Bildirici<\/p>\n<p>__________________________________________________________________________<\/p>\n<p><img loading=\"lazy\" decoding=\"async\" class=\"img img-responsive\" style=\"display: block; margin-left: auto; margin-right: auto;\" src=\"http:\/\/bys.trakya.edu.tr\/file\/open\/55545075\" alt=\"Resim\" width=\"797\" height=\"982\" \/><br \/>__________________________________________________________________________<br \/><strong>PANEL (22 KASIM 2019 &#8211;&nbsp;NOV 22, 2019)<br \/>SAAT: 10.00 &#8211; 12.00<br \/><\/strong><strong>YER: ED\u0130RNE SERBEST MUHASEBEC\u0130 VE MAL\u0130 M\u00dc\u015eAV\u0130RLER ODASI KONFERANS SALONUNDA D\u00dcZENLENECEKT\u0130R.&nbsp;<\/strong><\/p>\n<p>&#8220;Recent Issues in Taxation&#8221;<br \/>&#8220;Vergide G\u00fcncel Konular&#8221;<\/p>\n<p>A\u00e7\u0131l\u0131\u015f Konu\u015fmas\u0131:<br \/>Selahattin Ba\u015fkal &#8211;&nbsp;Edirne Vergi Dairesi Ba\u015fkan\u0131&nbsp;<br \/>Haluk Kaba &#8211; Edirne SMMMO Y\u00f6netim Kurulu Ba\u015fkan Yard\u0131mc\u0131s\u0131&nbsp;&nbsp;<\/p>\n<p>Chair:&nbsp;<br \/>Prof.Dr.Erkan Ayd\u0131n, Head of Fiscal Law, Department of Fiscal Studies, Faculty of Economics, Marmara University&nbsp;<br \/>Prof.Dr.Erkan Ayd\u0131n, Mali Hukuk ABD Ba\u015fkan\u0131, Maliye B\u00f6l\u00fcm\u00fc, \u0130ktisat Fak\u00fcltesi, Marmara \u00dcniversitesi&nbsp;<\/p>\n<p>Panelist:&nbsp;&nbsp;<br \/><em>Prof.Dr.Erkan Ayd\u0131n, Head-Fiscal Studies, Faculty of Economics, Marmara University&nbsp;<\/em><br \/><em>Prof.Dr.Erkan Ayd\u0131n, Maliye B\u00f6l\u00fcm Ba\u015fkan\u0131, \u0130ktisat Fak\u00fcltesi, Marmara \u00dcniversitesi&nbsp;<\/em><br \/>&#8220;Vergi \u0130ncelemesi Ba\u011flam\u0131nda M\u00fckellef Haklar\u0131&#8221;<br \/>&#8220;Taxpayer Rights Within the Context of Tax Audit&#8221;&nbsp;<br \/><em><br \/>Dr.Ahmet Kavak, Tax Director, PwC Istanbul&nbsp;<\/em><br \/>&#8220;Vergi Adaleti Ba\u011flam\u0131nda Af Yasalar\u0131 ve Vergi \u0130ndirimi Uygulamas\u0131ndaki \u00c7eli\u015fkiler&#8221;<br \/>&#8220;Amnesty Laws in the Context of Tax Justice and Contradictions in the Application of Tax Reduction&#8221;<em><\/p>\n<p>T\u00fcrkben Ped\u00fck, YMM<br \/><\/em>&#8221; Suitcase Trading &#038; Micro Export: \u00d6zel Faturalar&#8221;<br \/>&#8221; Bavul Ticareti &#038; Mikro \u0130hracat: Special Invoices<em><\/p>\n<p>YMM \u015eenol Turut, Tax Sworn Accountant, Horizon Tax Consulting&nbsp;<\/em><br \/>Vergi Ziya\u0131 ve Ka\u00e7ak\u00e7\u0131l\u0131k su\u00e7lar\u0131n\u0131n hukuki niteli\u011fi ve Uygulanan Cezalar\u0131n Etkinli\u011fi<\/div>\n<\/div>\n<p>{\/xtypo_rounded2}&nbsp;<\/p>\n","protected":false},"excerpt":{"rendered":"<p>Panels Trakya \u00dcniversitesi taraf\u0131ndan d\u00fczenlenen&nbsp;1. Balkan Muhasebe ve Y\u00f6netim Tarihi Kongresinde&nbsp;ilk panel&nbsp;&#8220;Maliye Okulunun Tarihi&#8221; ba\u015fl\u0131\u011f\u0131yla Okulumuz ve mezunlar\u0131m\u0131za ayr\u0131ld\u0131.<\/p>\n","protected":false},"author":1,"featured_media":0,"comment_status":"open","ping_status":"open","sticky":false,"template":"","format":"standard","meta":{"_eb_attr":"","_gspb_post_css":"","_crdt_document":"","footnotes":""},"categories":[121],"tags":[],"class_list":["post-4967","post","type-post","status-publish","format-standard","hentry","category-haber-arsivi"],"blocksy_meta":[],"_links":{"self":[{"href":"https:\/\/yeni.maliyeokulu.org.tr\/index.php?rest_route=\/wp\/v2\/posts\/4967","targetHints":{"allow":["GET"]}}],"collection":[{"href":"https:\/\/yeni.maliyeokulu.org.tr\/index.php?rest_route=\/wp\/v2\/posts"}],"about":[{"href":"https:\/\/yeni.maliyeokulu.org.tr\/index.php?rest_route=\/wp\/v2\/types\/post"}],"author":[{"embeddable":true,"href":"https:\/\/yeni.maliyeokulu.org.tr\/index.php?rest_route=\/wp\/v2\/users\/1"}],"replies":[{"embeddable":true,"href":"https:\/\/yeni.maliyeokulu.org.tr\/index.php?rest_route=%2Fwp%2Fv2%2Fcomments&post=4967"}],"version-history":[{"count":1,"href":"https:\/\/yeni.maliyeokulu.org.tr\/index.php?rest_route=\/wp\/v2\/posts\/4967\/revisions"}],"predecessor-version":[{"id":18315,"href":"https:\/\/yeni.maliyeokulu.org.tr\/index.php?rest_route=\/wp\/v2\/posts\/4967\/revisions\/18315"}],"wp:attachment":[{"href":"https:\/\/yeni.maliyeokulu.org.tr\/index.php?rest_route=%2Fwp%2Fv2%2Fmedia&parent=4967"}],"wp:term":[{"taxonomy":"category","embeddable":true,"href":"https:\/\/yeni.maliyeokulu.org.tr\/index.php?rest_route=%2Fwp%2Fv2%2Fcategories&post=4967"},{"taxonomy":"post_tag","embeddable":true,"href":"https:\/\/yeni.maliyeokulu.org.tr\/index.php?rest_route=%2Fwp%2Fv2%2Ftags&post=4967"}],"curies":[{"name":"wp","href":"https:\/\/api.w.org\/{rel}","templated":true}]}}