{"id":4973,"date":"2019-11-21T12:32:37","date_gmt":"2019-11-21T09:32:37","guid":{"rendered":"https:\/\/yeni.maliyeokulu.org.tr\/trakyasempozyumu\/"},"modified":"2025-08-02T18:25:35","modified_gmt":"2025-08-02T15:25:35","slug":"trakyasempozyumu","status":"publish","type":"post","link":"https:\/\/yeni.maliyeokulu.org.tr\/?p=4973","title":{"rendered":"4. Uluslararas\u0131 Muhasebe ve Finans Denetimi Sempozyumu"},"content":{"rendered":"<h1 style=\"text-align: center;\">Okulumuzu ve Tarihini D\u00fcnyaya Anlatt\u0131k&nbsp;<\/h1>\n<p><center><\/center><\/p>\n<p>Trakya \u00dcniversitesinin \u00f6nc\u00fcl\u00fc\u011f\u00fc ve evsahipli\u011finde d\u00fczenlenen 1. Balkan Muhasebe ve Y\u00f6netim Tarihi Kongresinde ilk panel &#8220;Maliye Okulunun Tarihi&#8221; ba\u015fl\u0131\u011f\u0131yla Okulumuz ve mezunlar\u0131m\u0131za ayr\u0131ld\u0131.&nbsp;<\/p>\n<p><!--more--><\/p>\n<p>T\u00fcrkiye&#8217;de alan\u0131nda ilk kez organizayonu ger\u00e7ekle\u015ftirilen bir kongrenin birinci panel ve oturumunun Okulumuza ayr\u0131lmas\u0131, akademik anlamda gurur verici oldu\u011fu gibi uluslararas\u0131 bilim d\u00fcnyas\u0131nda Okulumuzu tan\u0131tmak ve tarihini anlatmak a\u00e7\u0131s\u0131ndan da son derece \u00f6nemliydi.&nbsp;<\/p>\n<p><span style=\"font-size: 12pt;\"><img fetchpriority=\"high\" decoding=\"async\" class=\" size-full wp-image-4970\" style=\"margin: 5px auto; display: block;\" src=\"https:\/\/yeni.maliyeokulu.org.tr\/wp-content\/uploads\/2019\/11\/Afis.png\" alt=\"Afis\" width=\"527\" height=\"267\" srcset=\"https:\/\/yeni.maliyeokulu.org.tr\/wp-content\/uploads\/2019\/11\/Afis.png 640w, https:\/\/yeni.maliyeokulu.org.tr\/wp-content\/uploads\/2019\/11\/Afis-300x152.png 300w\" sizes=\"(max-width: 527px) 100vw, 527px\" \/><span style=\"font-size: 10pt;\">{xtypo_quote}<\/span>Oturum ba\u015fkanl\u0131\u011f\u0131n\u0131 1958 mezunumuz (E. Edirne Defterdar\u0131) YMM Hayri Oral LEVENDER&#8217;in y\u00fcr\u00fctt\u00fc\u011f\u00fc panele kat\u0131lan mezunlar\u0131m\u0131z, Okulumuzun \u00fclkemiz Maliyesindeki yeri, \u00f6nemi ve gereklili\u011fi ile yeti\u015ftirdi\u011fi mezunlar\u0131n kamu ve \u00f6zel sekt\u00f6r i\u00e7in tart\u0131\u015f\u0131lmaz de\u011ferini uluslararas\u0131 bir kongrede bilimsel y\u00f6nden anlatma f\u0131rsat\u0131 yaratt\u0131.<br \/><\/span><br \/><span style=\"font-size: 12pt;\">Bulgaristan, Kanada, Kosova ve Yunanistan \u00fcniversitelerinin kat\u0131l\u0131m\u0131yla ger\u00e7ekle\u015ftirilen kongre ve konferanslar dizisi Trakya \u00dcniversitesinin T\u00fcrk\u00e7e ve \u0130ngilizce haz\u0131rlayaca\u011f\u0131 kitap ile t\u00fcm d\u00fcnyaya duyurulacak.<\/span><span style=\"font-size: 12pt;\">&nbsp;<span style=\"font-size: 10pt;\">{\/xtypo_quote}<\/span><\/span><\/p>\n<p><img decoding=\"async\" class=\" size-full wp-image-4971\" style=\"display: block; margin: 5px auto;\" src=\"https:\/\/yeni.maliyeokulu.org.tr\/wp-content\/uploads\/2019\/11\/Edirne_84881.jpg\" alt=\"Edirne 84881\" width=\"640\" height=\"275\" srcset=\"https:\/\/yeni.maliyeokulu.org.tr\/wp-content\/uploads\/2019\/11\/Edirne_84881.jpg 640w, https:\/\/yeni.maliyeokulu.org.tr\/wp-content\/uploads\/2019\/11\/Edirne_84881-300x129.jpg 300w\" sizes=\"(max-width: 640px) 100vw, 640px\" \/><\/p>\n<p style=\"text-align: center;\">&nbsp;<\/p>\n<p><span style=\"font-size: 12pt;\">Prof. Dr. Ahmet AK, <a href=\"images\/pdf\/AAK_MAL\u0130YEOKULU.docx\" target=\"_self\" rel=\"noopener\">Osmanl\u0131&#8217;dan Cumhuriyete Maliye Okulu<\/a>&#8216;nu; MOMDER Genel Ba\u015fkan\u0131 Ahmet KAYA <a href=\"images\/pdf\/AKAYA_MOTarihi_16.11.019.pdf\" target=\"_self\" rel=\"noopener\">Cumhuriyet Kurumu Olarak Maliye Okulu<\/a>&#8216;nu; Okulumuz \u00f6\u011frencilerinin profili ile okul sonras\u0131 istihdam alanlar\u0131n\u0131 Av. Mehmet KAYA; Okulumuzda \u00f6\u011frenci ve \u00f6\u011fretmenli\u011fi ya\u015fayan Dr.&nbsp; Yusuf AK\u00c7A her iki g\u00f6zle Maliye Okulu&#8217;nu; e\u011fitime genel bir bak\u0131\u015f a\u00e7\u0131s\u0131yla <a href=\"https:\/\/yeni.maliyeokulu.org.tr\/wp-content\/uploads\/2019\/11\/MaliyeOkuluTarihcesi_AKAVAK.pdf\" target=\"_self\" rel=\"noopener\">Meslek Liseleri ve Kamusal Alanlarda Ara \u0130nsan E\u011fitimi<\/a>ni Dr. Ahmet KAVAK ve Prof. Dr. Ziyaettin B\u0130LD\u0130R\u0130C\u0130 <a href=\"images\/pdf\/AKAYA_MOTarihi_16.11.019.pdf\" target=\"_self\" rel=\"noopener\">Okulumuzun T\u00fcrk Maliyesindeki yeri ile yoklu\u011fundaki sorunlar\u0131 <\/a>anlatt\u0131.<\/span>&nbsp;<\/p>\n<p style=\"text-align: center;\">[widgetkit id=51]<\/p>\n<p>{\/xtypo_rounded2}<\/p>\n","protected":false},"excerpt":{"rendered":"<p>Okulumuzu ve Tarihini D\u00fcnyaya Anlatt\u0131k&nbsp; Trakya \u00dcniversitesinin \u00f6nc\u00fcl\u00fc\u011f\u00fc ve evsahipli\u011finde d\u00fczenlenen 1. Balkan Muhasebe ve Y\u00f6netim Tarihi Kongresinde ilk panel &#8220;Maliye Okulunun Tarihi&#8221; ba\u015fl\u0131\u011f\u0131yla Okulumuz ve mezunlar\u0131m\u0131za ayr\u0131ld\u0131.&nbsp;<\/p>\n","protected":false},"author":1,"featured_media":4970,"comment_status":"open","ping_status":"open","sticky":false,"template":"","format":"standard","meta":{"_eb_attr":"","_gspb_post_css":"","_crdt_document":"","footnotes":""},"categories":[121],"tags":[],"class_list":["post-4973","post","type-post","status-publish","format-standard","has-post-thumbnail","hentry","category-haber-arsivi"],"blocksy_meta":[],"_links":{"self":[{"href":"https:\/\/yeni.maliyeokulu.org.tr\/index.php?rest_route=\/wp\/v2\/posts\/4973","targetHints":{"allow":["GET"]}}],"collection":[{"href":"https:\/\/yeni.maliyeokulu.org.tr\/index.php?rest_route=\/wp\/v2\/posts"}],"about":[{"href":"https:\/\/yeni.maliyeokulu.org.tr\/index.php?rest_route=\/wp\/v2\/types\/post"}],"author":[{"embeddable":true,"href":"https:\/\/yeni.maliyeokulu.org.tr\/index.php?rest_route=\/wp\/v2\/users\/1"}],"replies":[{"embeddable":true,"href":"https:\/\/yeni.maliyeokulu.org.tr\/index.php?rest_route=%2Fwp%2Fv2%2Fcomments&post=4973"}],"version-history":[{"count":1,"href":"https:\/\/yeni.maliyeokulu.org.tr\/index.php?rest_route=\/wp\/v2\/posts\/4973\/revisions"}],"predecessor-version":[{"id":18312,"href":"https:\/\/yeni.maliyeokulu.org.tr\/index.php?rest_route=\/wp\/v2\/posts\/4973\/revisions\/18312"}],"wp:featuredmedia":[{"embeddable":true,"href":"https:\/\/yeni.maliyeokulu.org.tr\/index.php?rest_route=\/wp\/v2\/media\/4970"}],"wp:attachment":[{"href":"https:\/\/yeni.maliyeokulu.org.tr\/index.php?rest_route=%2Fwp%2Fv2%2Fmedia&parent=4973"}],"wp:term":[{"taxonomy":"category","embeddable":true,"href":"https:\/\/yeni.maliyeokulu.org.tr\/index.php?rest_route=%2Fwp%2Fv2%2Fcategories&post=4973"},{"taxonomy":"post_tag","embeddable":true,"href":"https:\/\/yeni.maliyeokulu.org.tr\/index.php?rest_route=%2Fwp%2Fv2%2Ftags&post=4973"}],"curies":[{"name":"wp","href":"https:\/\/api.w.org\/{rel}","templated":true}]}}