{"id":4983,"date":"2020-10-28T20:01:10","date_gmt":"2020-10-28T17:01:10","guid":{"rendered":"https:\/\/yeni.maliyeokulu.org.tr\/son-sayfadan\/"},"modified":"2025-08-02T18:25:35","modified_gmt":"2025-08-02T15:25:35","slug":"son-sayfadan","status":"publish","type":"post","link":"https:\/\/yeni.maliyeokulu.org.tr\/?p=4983","title":{"rendered":"Son Sayfadan"},"content":{"rendered":"\t\t<div data-elementor-type=\"wp-post\" data-elementor-id=\"4983\" class=\"elementor elementor-4983\" data-elementor-settings=\"{&quot;element_pack_global_tooltip_width&quot;:{&quot;unit&quot;:&quot;px&quot;,&quot;size&quot;:&quot;&quot;,&quot;sizes&quot;:[]},&quot;element_pack_global_tooltip_width_tablet&quot;:{&quot;unit&quot;:&quot;px&quot;,&quot;size&quot;:&quot;&quot;,&quot;sizes&quot;:[]},&quot;element_pack_global_tooltip_width_mobile&quot;:{&quot;unit&quot;:&quot;px&quot;,&quot;size&quot;:&quot;&quot;,&quot;sizes&quot;:[]},&quot;element_pack_global_tooltip_padding&quot;:{&quot;unit&quot;:&quot;px&quot;,&quot;top&quot;:&quot;&quot;,&quot;right&quot;:&quot;&quot;,&quot;bottom&quot;:&quot;&quot;,&quot;left&quot;:&quot;&quot;,&quot;isLinked&quot;:true},&quot;element_pack_global_tooltip_padding_tablet&quot;:{&quot;unit&quot;:&quot;px&quot;,&quot;top&quot;:&quot;&quot;,&quot;right&quot;:&quot;&quot;,&quot;bottom&quot;:&quot;&quot;,&quot;left&quot;:&quot;&quot;,&quot;isLinked&quot;:true},&quot;element_pack_global_tooltip_padding_mobile&quot;:{&quot;unit&quot;:&quot;px&quot;,&quot;top&quot;:&quot;&quot;,&quot;right&quot;:&quot;&quot;,&quot;bottom&quot;:&quot;&quot;,&quot;left&quot;:&quot;&quot;,&quot;isLinked&quot;:true},&quot;element_pack_global_tooltip_border_radius&quot;:{&quot;unit&quot;:&quot;px&quot;,&quot;top&quot;:&quot;&quot;,&quot;right&quot;:&quot;&quot;,&quot;bottom&quot;:&quot;&quot;,&quot;left&quot;:&quot;&quot;,&quot;isLinked&quot;:true},&quot;element_pack_global_tooltip_border_radius_tablet&quot;:{&quot;unit&quot;:&quot;px&quot;,&quot;top&quot;:&quot;&quot;,&quot;right&quot;:&quot;&quot;,&quot;bottom&quot;:&quot;&quot;,&quot;left&quot;:&quot;&quot;,&quot;isLinked&quot;:true},&quot;element_pack_global_tooltip_border_radius_mobile&quot;:{&quot;unit&quot;:&quot;px&quot;,&quot;top&quot;:&quot;&quot;,&quot;right&quot;:&quot;&quot;,&quot;bottom&quot;:&quot;&quot;,&quot;left&quot;:&quot;&quot;,&quot;isLinked&quot;:true}}\" data-elementor-post-type=\"post\">\n\t\t\t\t<div data-particle_enable=\"false\" data-particle-mobile-disabled=\"false\" class=\"elementor-element elementor-element-65697949 animated-slow e-flex e-con-boxed e-con e-parent\" data-id=\"65697949\" data-element_type=\"container\" data-settings=\"{&quot;background_background&quot;:&quot;gradient&quot;,&quot;animation&quot;:&quot;none&quot;}\">\n\t\t\t\t\t<div class=\"e-con-inner\">\n\t\t<div data-particle_enable=\"false\" data-particle-mobile-disabled=\"false\" class=\"elementor-element elementor-element-5ab52cbf e-con-full e-flex elementor-invisible e-con e-parent\" data-id=\"5ab52cbf\" data-element_type=\"container\" data-settings=\"{&quot;animation&quot;:&quot;fadeInLeft&quot;,&quot;animation_delay&quot;:500}\">\n\t\t\t\t<div class=\"elementor-element elementor-element-590b3249 elementor-widget elementor-widget-heading\" data-id=\"590b3249\" data-element_type=\"widget\" data-widget_type=\"heading.default\">\n\t\t\t\t<div class=\"elementor-widget-container\">\n\t\t\t\t\t<h1 class=\"elementor-heading-title elementor-size-default\">Son Sayfadan<\/h1>\t\t\t\t<\/div>\n\t\t\t\t<\/div>\n\t\t\t\t<\/div>\n\t\t<div data-particle_enable=\"false\" data-particle-mobile-disabled=\"false\" class=\"elementor-element elementor-element-232aef82 e-con-full e-transform e-transform e-flex elementor-invisible e-con e-parent\" data-id=\"232aef82\" data-element_type=\"container\" data-settings=\"{&quot;animation&quot;:&quot;fadeInRight&quot;,&quot;animation_delay&quot;:1000,&quot;_transform_rotateZ_effect&quot;:{&quot;unit&quot;:&quot;px&quot;,&quot;size&quot;:0,&quot;sizes&quot;:[]},&quot;_transform_rotateZ_effect_tablet&quot;:{&quot;unit&quot;:&quot;deg&quot;,&quot;size&quot;:&quot;&quot;,&quot;sizes&quot;:[]},&quot;_transform_rotateZ_effect_mobile&quot;:{&quot;unit&quot;:&quot;deg&quot;,&quot;size&quot;:&quot;&quot;,&quot;sizes&quot;:[]},&quot;_transform_translateX_effect&quot;:{&quot;unit&quot;:&quot;px&quot;,&quot;size&quot;:&quot;&quot;,&quot;sizes&quot;:[]},&quot;_transform_translateX_effect_tablet&quot;:{&quot;unit&quot;:&quot;px&quot;,&quot;size&quot;:&quot;&quot;,&quot;sizes&quot;:[]},&quot;_transform_translateX_effect_mobile&quot;:{&quot;unit&quot;:&quot;px&quot;,&quot;size&quot;:&quot;&quot;,&quot;sizes&quot;:[]},&quot;_transform_translateY_effect&quot;:{&quot;unit&quot;:&quot;px&quot;,&quot;size&quot;:&quot;&quot;,&quot;sizes&quot;:[]},&quot;_transform_translateY_effect_tablet&quot;:{&quot;unit&quot;:&quot;px&quot;,&quot;size&quot;:&quot;&quot;,&quot;sizes&quot;:[]},&quot;_transform_translateY_effect_mobile&quot;:{&quot;unit&quot;:&quot;px&quot;,&quot;size&quot;:&quot;&quot;,&quot;sizes&quot;:[]}}\">\n\t\t\t\t<div class=\"elementor-element elementor-element-2a0cba4c elementor-widget elementor-widget-image\" data-id=\"2a0cba4c\" data-element_type=\"widget\" data-widget_type=\"image.default\">\n\t\t\t\t<div class=\"elementor-widget-container\">\n\t\t\t\t\t\t\t\t\t\t\t\t\t\t\t<img decoding=\"async\" width=\"150\" height=\"200\" src=\"https:\/\/yeni.maliyeokulu.org.tr\/wp-content\/uploads\/2020\/05\/cca.jpg\" class=\"attachment-large size-large wp-image-4979\" alt=\"\" \/>\t\t\t\t\t\t\t\t\t\t\t\t\t\t\t<\/div>\n\t\t\t\t<\/div>\n\t\t\t\t<\/div>\n\t\t\t\t\t<\/div>\n\t\t\t\t<\/div>\n\t\t<div data-particle_enable=\"false\" data-particle-mobile-disabled=\"false\" class=\"elementor-element elementor-element-49532c2b e-flex e-con-boxed e-con e-parent\" data-id=\"49532c2b\" data-element_type=\"container\" data-settings=\"{&quot;background_background&quot;:&quot;gradient&quot;,&quot;shape_divider_bottom&quot;:&quot;opacity-fan&quot;}\">\n\t\t\t\t\t<div class=\"e-con-inner\">\n\t\t\t\t<div class=\"elementor-shape elementor-shape-bottom\" aria-hidden=\"true\" data-negative=\"false\">\n\t\t\t<svg xmlns=\"http:\/\/www.w3.org\/2000\/svg\" viewBox=\"0 0 283.5 19.6\" preserveAspectRatio=\"none\">\n\t<path class=\"elementor-shape-fill\" style=\"opacity:0.33\" d=\"M0 0L0 18.8 141.8 4.1 283.5 18.8 283.5 0z\"\/>\n\t<path class=\"elementor-shape-fill\" style=\"opacity:0.33\" d=\"M0 0L0 12.6 141.8 4 283.5 12.6 283.5 0z\"\/>\n\t<path class=\"elementor-shape-fill\" style=\"opacity:0.33\" d=\"M0 0L0 6.4 141.8 4 283.5 6.4 283.5 0z\"\/>\n\t<path class=\"elementor-shape-fill\" d=\"M0 0L0 1.2 141.8 4 283.5 1.2 283.5 0z\"\/>\n<\/svg>\t\t<\/div>\n\t\t\t\t\t<\/div>\n\t\t\t\t<\/div>\n\t\t<div data-particle_enable=\"false\" data-particle-mobile-disabled=\"false\" class=\"elementor-element elementor-element-14e868ad e-flex e-con-boxed e-con e-parent\" data-id=\"14e868ad\" data-element_type=\"container\">\n\t\t\t\t\t<div class=\"e-con-inner\">\n\t\t\t\t<div class=\"elementor-element elementor-element-7c189034 elementor-author-box--layout-image-above elementor-author-box--align-center elementor-author-box--avatar-yes elementor-author-box--name-yes elementor-author-box--biography-yes elementor-widget elementor-widget-author-box\" data-id=\"7c189034\" data-element_type=\"widget\" data-widget_type=\"author-box.default\">\n\t\t\t\t<div class=\"elementor-widget-container\">\n\t\t\t\t\t\t\t<div class=\"elementor-author-box\">\n\t\t\t\t\t\t\t<div  class=\"elementor-author-box__avatar\">\n\t\t\t\t\t<img decoding=\"async\" src=\"https:\/\/secure.gravatar.com\/avatar\/4cbf5eb9448532a17e20e9e0cdf74641ec0188547da42cd4a9ac28305ebdd40a?s=300&#038;d=mm&#038;r=g\" alt=\"Picture of administer\" loading=\"lazy\">\n\t\t\t\t<\/div>\n\t\t\t\n\t\t\t<div class=\"elementor-author-box__text\">\n\t\t\t\t\t\t\t\t\t<div >\n\t\t\t\t\t\t<h4 class=\"elementor-author-box__name\">\n\t\t\t\t\t\t\tadminister\t\t\t\t\t\t<\/h4>\n\t\t\t\t\t<\/div>\n\t\t\t\t\n\t\t\t\t\t\t\t\t\t<div class=\"elementor-author-box__bio\">\n\t\t\t\t\t\t[ 06|82|2064 ]\t\t\t\t\t<\/div>\n\t\t\t\t\n\t\t\t\t\t\t\t<\/div>\n\t\t<\/div>\n\t\t\t\t\t\t<\/div>\n\t\t\t\t<\/div>\n\t\t\t\t\t<\/div>\n\t\t\t\t<\/div>\n\t\t<div data-particle_enable=\"false\" data-particle-mobile-disabled=\"false\" class=\"elementor-element elementor-element-7fe2b87 e-flex e-con-boxed e-con e-parent\" data-id=\"7fe2b87\" data-element_type=\"container\">\n\t\t\t\t\t<div class=\"e-con-inner\">\n\t\t<div data-particle_enable=\"false\" data-particle-mobile-disabled=\"false\" class=\"elementor-element elementor-element-0faa2e6 e-con-full e-flex e-con e-parent\" data-id=\"0faa2e6\" data-element_type=\"container\">\n\t\t\t\t<div class=\"elementor-element elementor-element-eed6493 elementor-widget elementor-widget-text-editor\" data-id=\"eed6493\" data-element_type=\"widget\" data-widget_type=\"text-editor.default\">\n\t\t\t\t<div class=\"elementor-widget-container\">\n\t\t\t\t\t\t\t\t\t<p><img decoding=\"async\" class=\" alignleft size-full wp-image-4979\" style=\"margin: 5px; float: left;\" src=\"https:\/\/yeni.maliyeokulu.org.tr\/wp-content\/uploads\/2020\/05\/cca.jpg\" alt=\"\" width=\"89\" height=\"119\">Prof. Dr. Co\u015fkun Can AKTAN yazd\u0131:&nbsp;<\/p>\n<p style=\"padding-left: 30px; text-align: left;\"><strong style=\"text-align: start;\">A\u011eIR VERG\u0130 Y\u00dcK\u00dc ve YERALTI&nbsp; EKONOM\u0130S\u0130<\/strong><\/p>\n<p>Bireylerin piyasa ekonomisinde vergilenmeyen veya eksik olarak vergilendirilen iktisadi faaliyetleri \u201cyeralt\u0131 ekonomisi\u201d olarak adland\u0131r\u0131l\u0131yor. Ticari, s\u0131nai, zirai vs. faaliyetlerde bulunan kimselerin normal olarak vergi dairesine kay\u0131tl\u0131 olmalar\u0131, defter ve belgelerine g\u00f6re vergilerini \u00f6demeleri gerekir. Sadece gelir elde eden ger\u00e7ek ve t\u00fczel ki\u015filerin de\u011fil, di\u011fer servet sahiplerinin ve harcama yapan kimselerin de vergilerini do\u011fru olarak beyan etmeleri \u00f6nemlidir. \u00dclkemizde gelir, servet ve harcama \u00fczerinden al\u0131nan vergilerde, verginin konusunu olu\u015fturan&nbsp; faaliyetlerin, i\u015flemlerin ve sahip olunan servetin bir k\u0131sm\u0131n\u0131n veya tamam\u0131n\u0131n vergi dairesine bildirilmedi\u011fini biliyoruz. Vergi kayb\u0131,&nbsp; yeralt\u0131 ekonomisinde vergilendirilemeyen veya eksik olarak vergilendirilen faaliyet ve i\u015flemler sonucunda ortaya \u00e7\u0131kar&#8230;<\/p>\n<p>Devam\u0131 i\u00e7in l\u00fctfen <a href=\"index.php?option=com_content&amp;view=article&amp;id=663;2020-05-27-10-57-31&amp;catid=57;tax&amp;Itemid=193\">t\u0131klay\u0131n\u0131z<\/a><\/p>\n<p><\/p>\n<p><a href=\"#top\"><img decoding=\"async\" class=\" size-full wp-image-4388\" style=\"display: block; margin-left: auto; margin-right: auto;\" src=\"https:\/\/yeni.maliyeokulu.org.tr\/wp-content\/uploads\/2009\/09\/mo_damga.png\" alt=\"mo damga\" width=\"90\" height=\"76\" srcset=\"https:\/\/yeni.maliyeokulu.org.tr\/wp-content\/uploads\/2009\/09\/mo_damga.png 880w, https:\/\/yeni.maliyeokulu.org.tr\/wp-content\/uploads\/2009\/09\/mo_damga-300x254.png 300w, https:\/\/yeni.maliyeokulu.org.tr\/wp-content\/uploads\/2009\/09\/mo_damga-768x649.png 768w\" sizes=\"(max-width: 90px) 100vw, 90px\" \/><\/a><\/p>\n<h1 style=\"text-align: justify;\">Corona G\u00fcnlerinde Bulu\u015fmalar\u0131m\u0131z S\u00fcr\u00fcyor<\/h1>\n<p>Maliye Okulu mezunlar\u0131 pandemi s\u00fcrecinin yaratt\u0131\u011f\u0131 olumsuz havay\u0131 g\u00f6r\u00fcnt\u00fcl\u00fc ortamlardaki toplant\u0131larla co\u015fkuya d\u00f6n\u00fc\u015ft\u00fcr\u00fcyor.<\/p>\n<p>\u00d6nce 06.05.2020&#8217;de<strong>&nbsp;&#8220;60 \u00d6ncesi ile 90 Sonras\u0131&#8221;<\/strong>, daha sonra 07.05.2020&#8217;de &#8220;<strong>80 \u00d6ncesi ile 60 Sonras\u0131&#8221;&nbsp;<\/strong>mezunlar\u0131m\u0131z\u0131&nbsp;bulu\u015fturduk.<\/p>\n<div style=\"text-align: -webkit-center;\">[widgetkit id=58]<\/div>\n<p><img decoding=\"async\" class=\" size-full wp-image-4388\" style=\"display: block; margin-left: auto; margin-right: auto;\" src=\"https:\/\/yeni.maliyeokulu.org.tr\/wp-content\/uploads\/2009\/09\/mo_damga.png\" alt=\"mo damga\" width=\"90\" height=\"76\" srcset=\"https:\/\/yeni.maliyeokulu.org.tr\/wp-content\/uploads\/2009\/09\/mo_damga.png 880w, https:\/\/yeni.maliyeokulu.org.tr\/wp-content\/uploads\/2009\/09\/mo_damga-300x254.png 300w, https:\/\/yeni.maliyeokulu.org.tr\/wp-content\/uploads\/2009\/09\/mo_damga-768x649.png 768w\" sizes=\"(max-width: 90px) 100vw, 90px\" \/><\/p>\n<h1>Vergi Hukuk\u00e7usu Ahmet Ak: M\u00fckellef Haklar\u0131 Kurulu Geni\u015f Kat\u0131l\u0131ml\u0131 Olmal\u0131<\/h1>\n<h4>Vergi Hukuk\u00e7usu Ahmet Ak, M\u00fckellef Haklar\u0131 Kurulunun geni\u015f kat\u0131l\u0131ml\u0131 olmas\u0131n\u0131n, \u00f6zel sekt\u00f6rden de veri alabilmesinin gerekli oldu\u011funu ifade etti.<\/h4>\n<p><img loading=\"lazy\" decoding=\"async\" style=\"margin: 5px; float: left;\" src=\"https:\/\/i.dunya.com\/1\/670\/377\/files\/2020\/5\/11\/470003\/470003.jpg?v=1589185748\" alt=\"Vergi Hukuk\u00e7usu Ahmet Ak: M\u00fckellef Haklar\u0131 Kurulu geni\u015f kat\u0131l\u0131ml\u0131 olmal\u0131\" width=\"277\" height=\"178\"><\/p>\n<div class=\"scl no-print\"><time>11 May\u0131s 2020<\/time>&nbsp;<\/div>\n<div class=\"artc-cnt \">\n<p><strong>Mehmet KAYA<\/strong><\/p>\n<p><strong>ANKARA<\/strong>&nbsp;&#8211; Vergi Hukuk\u00e7usu ve Ankara Hac\u0131 Bayram Veli \u00dcniversitesi \u00f6\u011fretim \u00fcyesi Prof. Dr. Ahmet Ak, M\u00fckellef Haklar\u0131 Kurulunun kurulmas\u0131n\u0131n vergide demokrasiye katk\u0131 sa\u011flayacak bir geli\u015fme oldu\u011funu ancak haklar ve y\u00fck\u00fcml\u00fcl\u00fcklere y\u00f6nelik olarak vergi kanunlar\u0131nda d\u00fczenlemeler yap\u0131lmas\u0131, M\u00fckellef Haklar\u0131 Kurulunun da geni\u015f kapsaml\u0131 bir kat\u0131l\u0131m ile olu\u015fturulmas\u0131 gerekti\u011fini s\u00f6yledi.<\/p>\n<p>D\u00dcNYA\u2019n\u0131n sorular\u0131n\u0131 yan\u0131tlayan Ahmet Ak, T\u00fcrkiye\u2019de M\u00fckellef Haklar\u0131 Bildirgesinin 2006 y\u0131l\u0131nda yay\u0131mland\u0131\u011f\u0131n\u0131 ancak ba\u011flay\u0131c\u0131 kurallarla desteklenmedi\u011fini hat\u0131rlatarak, yeni olu\u015fturulan Kurulun, m\u00fckellef haklar\u0131na ili\u015fkin yap\u0131lacak yasal d\u00fczenlemelerle desteklenmesi halinde, vergi uyumuna olumlu katk\u0131 sa\u011flayacak \u00f6nemli bir ad\u0131m oldu\u011funun alt\u0131n\u0131 \u00e7izdi.<\/p>\n<p><strong>-Ger\u00e7ek ve t\u00fczel ki\u015filer de Kurula bilgi verme y\u00fck\u00fcml\u00fcl\u00fc\u011f\u00fcnde olmal\u0131<\/strong><\/p>\n<p>Cumhurba\u015fkanl\u0131\u011f\u0131 Kararnamesinde, kamu kurum ve kurulu\u015flar\u0131n\u0131n Kurula bilgi verme y\u00fck\u00fcml\u00fcl\u00fc\u011f\u00fc getirildi\u011fini, y\u00fck\u00fcml\u00fcl\u00fck kapsam\u0131n\u0131n geni\u015fletilerek ger\u00e7ek ve t\u00fczel ki\u015fileri de kapsamas\u0131 gerekti\u011fini vurgulayan Ahmet Ak, \u201cKurulda yer alanlar\u0131n mahremiyet ve bilgi isteme yetkisi Vergi Usul Kanunu ile de d\u00fczenlenmelidir. Bilgi verme y\u00fck\u00fcml\u00fcl\u00fc\u011f\u00fcn\u00fcn kamu kurum ve kurulu\u015flar\u0131 ile s\u0131n\u0131rland\u0131r\u0131lmay\u0131p, ger\u00e7ek ve t\u00fczel ki\u015fileri de kapsamas\u0131 gerektir.\u201d dedi.<\/p>\n<h4><strong>M\u00fckellef haklar\u0131 Vergi Usul Kanunu&#8217;na girmeli<\/strong><\/h4>\n<p>M\u00fckellef Haklar\u0131 Kurulunun g\u00fc\u00e7l\u00fc bi\u00e7imde \u00e7al\u0131\u015fabilmesi i\u00e7in ba\u015fka yasal d\u00fczenlemelere de ihtiya\u00e7 bulundu\u011funu belirten Ahmet Ak, \u201cKurulun vergilendirmede adalete katk\u0131 sa\u011flayabilmesi i\u00e7in, m\u00fckellef haklar\u0131n\u0131n; \u201cgenel haklar\u201d ve \u201c\u00f6zel haklar\u201d \u015feklinde Vergi Usul Kanununda d\u00fczenlenmesi ve bu haklar\u0131n korunmas\u0131na y\u00f6nelik yapt\u0131r\u0131mlar\u0131n da yasal g\u00fcvenceye ba\u011flanmas\u0131 gerekecektir\u201d dedi.<\/p>\n<p>Ahmet Ak, vergi uygulay\u0131c\u0131lar\u0131 ve m\u00fckelleflerin haklar ve y\u00fck\u00fcml\u00fcl\u00fcklerine y\u00f6nelik olarak yasal d\u00fczenlemeye ihtiya\u00e7 bulundu\u011funun alt\u0131n\u0131 \u00e7izerek \u015funlar\u0131 kaydetti:<\/p>\n<p>\u201cVergi yasalar\u0131n\u0131 uygulayanlar\u0131n y\u00fck\u00fcml\u00fcl\u00fckleri, m\u00fckellefiyet, uzla\u015fma, tarhiyat, cebren tahsil konular\u0131nda belirlilik ve hukuki g\u00fcvenlik ilkesine uygunluk sa\u011flayacak d\u00fczenlemeler ba\u015fta olmak \u00fczere; vergi idaresinin i\u015flem ve eylemlerine kar\u015f\u0131 ba\u015fvuru yollar\u0131 ve m\u00fckellefe sa\u011flanan haklar\u0131n yasa ile d\u00fczenlenmesi gereklidir.<\/p>\n<p>Yap\u0131lacak bu d\u00fczenlemelerle M\u00fckellef Haklar\u0131 Kurulu vergiye uyum ve vergilemede adalet a\u00e7\u0131s\u0131ndan daha etkin bir i\u015fleve sahip olacakt\u0131r ve hukuk devleti ile vergide demokrasinin geli\u015fmesine olumlu katk\u0131 sa\u011flayacakt\u0131r.\u201d<\/p>\n<p>Ahmet Ak, M\u00fckellef Haklar\u0131 Kurulunun yap\u0131lanma a\u015famas\u0131nda sivil toplum \u00f6rg\u00fctleri, meslek mensuplar\u0131, uzmanlar gibi demokratik ve teknik kat\u0131l\u0131m\u0131n sa\u011flanmas\u0131 gerekti\u011fini ve T\u00fcrkiye\u2019nin toplumsal yap\u0131s\u0131 dikkate al\u0131narak \u00f6zg\u00fcn bir yap\u0131da kurulmas\u0131 gerekti\u011fini kaydetti. Ahmet Ak, geli\u015fmi\u015f \u00fclkelerde \u201cVergi arabulucusu\u201d, \u201cvergi ombudsman\u0131\u201d, \u201chakemlik ofisi\u201d ya da \u201cvergi m\u00fckellefi destek birimi\u201d gibi farkl\u0131 adlarda benzer yap\u0131lar oldu\u011funu hat\u0131rlatt\u0131.<br>M\u00fckellef Haklar\u0131 Kurulu 18 Nisan g\u00fcn\u00fc yay\u0131mlanan Cumhurba\u015fkanl\u0131\u011f\u0131 Kararnamesi ile olu\u015fturuldu. Kurulun \u00fcyeleri, \u00e7al\u0131\u015fma bi\u00e7imleri ve di\u011fer idari-teknik i\u015fleyi\u015fine y\u00f6nelik yap\u0131lanmas\u0131 \u00e7\u0131kar\u0131lacak bir y\u00f6netmelikle belirlenecek.<\/p>\n<\/div>\n<p><a href=\"#top\"><img decoding=\"async\" class=\" size-full wp-image-4388\" style=\"display: block; margin-left: auto; margin-right: auto;\" src=\"https:\/\/yeni.maliyeokulu.org.tr\/wp-content\/uploads\/2009\/09\/mo_damga.png\" alt=\"mo damga\" width=\"90\" height=\"76\" srcset=\"https:\/\/yeni.maliyeokulu.org.tr\/wp-content\/uploads\/2009\/09\/mo_damga.png 880w, https:\/\/yeni.maliyeokulu.org.tr\/wp-content\/uploads\/2009\/09\/mo_damga-300x254.png 300w, https:\/\/yeni.maliyeokulu.org.tr\/wp-content\/uploads\/2009\/09\/mo_damga-768x649.png 768w\" sizes=\"(max-width: 90px) 100vw, 90px\" \/><\/a><\/p>\n<p style=\"text-align: justify;\">\n<\/p><h1 style=\"text-align: center;\"><a id=\"sempozyum\"><\/a>D\u00fcnyaya Okulumuzu ve Tarihini Anlatt\u0131k<\/h1>\n<p><\/p>\n<p><\/p><center>[widgetkit id=51]<\/center><p><\/p>\n<p><span style=\"font-size: 12pt;\">Trakya \u00dcniversitesinin \u00f6nc\u00fcl\u00fc\u011f\u00fc ve evsahipli\u011finde d\u00fczenlenen 1. Balkan Muhasebe ve Y\u00f6netimi Tarihi Kongresinde <span style=\"font-size: 12pt;\">ilk panel <\/span>&#8220;<strong>Maliye Okulunun Tarihi<\/strong>&#8221; ba\u015fl\u0131\u011f\u0131yla Okulumuz ve mezunlar\u0131m\u0131za ayr\u0131ld\u0131.&nbsp;<br><\/span><br><span style=\"font-size: 12pt;\">T\u00fcrkiye&#8217;de alan\u0131nda ilk kez organizasyonu ger\u00e7ekle\u015ftirilen bir kongrenin birinci panel ve oturumunun Okulumuza ayr\u0131lmas\u0131, akademik anlamda gurur verici oldu\u011fu gibi, uluslararas\u0131 bilim d\u00fcnyas\u0131nda Okulumuzu tan\u0131tmak ve tarihini anlatmak a\u00e7\u0131s\u0131ndan da son derece \u00f6nemliydi.&nbsp;<\/span><\/p>\n<p><span style=\"font-size: 12pt;\"><span style=\"font-size: 10pt;\">{xtypo_quote}<\/span>Oturum ba\u015fkanl\u0131\u011f\u0131n\u0131 1958 mezunumuz (E. Edirne Defterdar\u0131) YMM Hayri Oral LEVENDER&#8217;in y\u00fcr\u00fctt\u00fc\u011f\u00fc panele kat\u0131lan mezunlar\u0131m\u0131z, Okulumuzun \u00fclkemiz Maliyesindeki yeri, \u00f6nemi ve gereklili\u011fi ile yeti\u015ftirdi\u011fi mezunlar\u0131n kamu ve \u00f6zel sekt\u00f6r i\u00e7in tart\u0131\u015f\u0131lmaz de\u011ferini uluslararas\u0131 bir kongrede bilimsel y\u00f6nden anlatma f\u0131rsat\u0131 buldu.<br><\/span><br><span style=\"font-size: 12pt;\">Bulgaristan, Kanada, Kosova ve Yunanistan \u00fcniversitelerinin kat\u0131l\u0131m\u0131yla ger\u00e7ekle\u015ftirilen kongre ve konferanslar dizisi Trakya \u00dcniversitesinin T\u00fcrk\u00e7e ve \u0130ngilizce haz\u0131rlayaca\u011f\u0131 kitap ile t\u00fcm d\u00fcnyaya duyurulacak.<\/span><span style=\"font-size: 12pt;\">&nbsp;<span style=\"font-size: 10pt;\">{\/xtypo_quote}<\/span><\/span><\/p>\n<p><img loading=\"lazy\" decoding=\"async\" class=\" size-full wp-image-4981\" style=\"display: block; margin-left: auto; margin-right: auto;\" src=\"https:\/\/yeni.maliyeokulu.org.tr\/wp-content\/uploads\/2020\/10\/Edirne_5145.jpg\" alt=\"Edirne 5145\" width=\"584\" height=\"348\" srcset=\"https:\/\/yeni.maliyeokulu.org.tr\/wp-content\/uploads\/2020\/10\/Edirne_5145.jpg 584w, https:\/\/yeni.maliyeokulu.org.tr\/wp-content\/uploads\/2020\/10\/Edirne_5145-300x179.jpg 300w\" sizes=\"(max-width: 584px) 100vw, 584px\" \/><\/p>\n<p style=\"text-align: justify;\"><span style=\"font-size: 12pt;\">Panele Edirne ve \u00e7evre illerde g\u00f6rev yapan veya ya\u015fayan mezunlar\u0131m\u0131zdan 1949 mezunu sayg\u0131de\u011fer a\u011fabeyimiz Sn. Kemal KAYAT, Apdi G\u00d6KTEN, Mehmet Ali KOCABA\u015e, K\u0131rklareli Defterdar\u0131 Mehmet DURUSOY, Sebahat KELLE, Z. Murat G\u00dcL, Sariye KULLAR ve Ha\u015fmet YE\u011e\u0130N; ayr\u0131ca Trakya \u00dcniversitesi Uygulamal\u0131 Bilimler Y\u00fcksek Okulundan Do\u00e7. Dr. G\u00fclsevim YUMUK G\u00dcNAY kat\u0131ld\u0131.&nbsp;<\/span><\/p>\n<p><img loading=\"lazy\" decoding=\"async\" class=\" size-full wp-image-4971\" style=\"display: block; margin: 5px auto;\" src=\"https:\/\/yeni.maliyeokulu.org.tr\/wp-content\/uploads\/2019\/11\/Edirne_84881.jpg\" alt=\"Edirne 84881\" width=\"640\" height=\"275\" srcset=\"https:\/\/yeni.maliyeokulu.org.tr\/wp-content\/uploads\/2019\/11\/Edirne_84881.jpg 640w, https:\/\/yeni.maliyeokulu.org.tr\/wp-content\/uploads\/2019\/11\/Edirne_84881-300x129.jpg 300w\" sizes=\"(max-width: 640px) 100vw, 640px\" \/><\/p>\n<p style=\"text-align: justify;\"><span style=\"font-size: 12pt;\">Paneli a\u00e7\u0131\u015f konu\u015fmas\u0131nda YMM Oral LEVENDER <a href=\"images\/pdf\/MAL\u0130YE%20OKULU%20NUN%20TAR\u0130H\u00c7ES\u0130%20VE%20MAL\u0130%20%20\u0130DAREDEK\u0130%20FONKS\u0130YONU%20PANEL\u0130.pdf\" target=\"_self\" rel=\"noopener\">Maliye Okulunun Tarih\u00e7esi ve Mali \u0130daredeki Yeri \u0130le Fonksiyonu<\/a>na de\u011findi. Panelde Prof. Dr. Ahmet AK, <a href=\"images\/pdf\/AAK%20MAL\u0130YE%20OKULU.pdf\" target=\"_self\" rel=\"noopener\">Osmanl\u0131&#8217;dan Cumhuriyete Maliye Okulu<\/a>; MOMDER Genel Ba\u015fkan\u0131 Ahmet KAYA <a href=\"https:\/\/yeni.maliyeokulu.org.tr\/wp-content\/uploads\/2020\/10\/CUMHURIYET-KURUMU-M.-OKULU.pdf\" target=\"_self\" rel=\"noopener\">Cumhuriyet Kurumu Olarak Maliye Okulu<\/a>;&nbsp;<span style=\"font-size: 12pt;\">Av. Mehmet KAYA<\/span>&nbsp;<a href=\"images\/pdf\/M%20O%20\u00d6\u011frenci%20profili%20\u0130stihdam%20alanlar\u0131.pdf\" target=\"_self\" rel=\"noopener\">Okulumuz \u00f6\u011frencilerinin profili ile okul sonras\u0131 istihdam alanlar\u0131<\/a>; Okulumuzda her iki duyguyu ya\u015fama \u015fans\u0131 bulan Dr.&nbsp; Yusuf AK\u00c7A <a href=\"images\/pdf\/\u00d6\u011frenci%20ve%20\u00d6\u011fretmen%20G\u00f6z\u00fcyle%20MAL\u0130YE%20OKULU.pdf\" target=\"_self\" rel=\"noopener\">\u00d6\u011frenci ve \u00d6\u011fretmen G\u00f6z\u00fcyle Maliye Okulu<\/a>,&nbsp;<\/span><span style=\"font-size: 16px;\">Dr. Ahmet KAVAK<\/span><span style=\"font-size: 12pt;\">e\u011fitime genel bir bak\u0131\u015f a\u00e7\u0131s\u0131yla <a href=\"https:\/\/yeni.maliyeokulu.org.tr\/wp-content\/uploads\/2019\/11\/MaliyeOkuluTarihcesi_AKAVAK.pdf\" target=\"_self\" rel=\"noopener\">Meslek Liseleri ve Kamusal Alanlarda Ara \u0130nsan E\u011fitimi<\/a>&nbsp;ve&nbsp;<a href=\"images\/pdf\/ZB_MAL\u0130YE%20OKULU%20NUN%20T\u00dcRK%20MAL\u0130YES\u0130NDEK\u0130%20YER\u0130%20YOKLU\u011eUNDAK\u0130%20SORUNLAR.pdf\" target=\"_self\" rel=\"noopener\">Okulumuzun T\u00fcrk Maliyesindeki yeri ile yoklu\u011fundaki sorunlar\u0131<\/a>&nbsp;konular\u0131nda&nbsp;<span style=\"font-size: 12pt;\">Prof. Dr. Ziyaettin B\u0130LD\u0130R\u0130C\u0130 birer bildiri sundu<\/span>.<\/span>&nbsp;<\/p>\n<p><img decoding=\"async\" class=\" size-full wp-image-4388\" style=\"display: block; margin-left: auto; margin-right: auto;\" src=\"https:\/\/yeni.maliyeokulu.org.tr\/wp-content\/uploads\/2009\/09\/mo_damga.png\" alt=\"mo damga\" width=\"90\" height=\"76\" srcset=\"https:\/\/yeni.maliyeokulu.org.tr\/wp-content\/uploads\/2009\/09\/mo_damga.png 880w, https:\/\/yeni.maliyeokulu.org.tr\/wp-content\/uploads\/2009\/09\/mo_damga-300x254.png 300w, https:\/\/yeni.maliyeokulu.org.tr\/wp-content\/uploads\/2009\/09\/mo_damga-768x649.png 768w\" sizes=\"(max-width: 90px) 100vw, 90px\" \/><\/p>\n<h1>Vergi Hukuk\u00e7usu Ahmet AK: M\u00fckellef haklar\u0131 yasal g\u00fcvenceye ba\u011flanmal\u0131<\/h1>\n<h2><img loading=\"lazy\" decoding=\"async\" style=\"font-size: 13px; margin: 5px; float: left;\" src=\"https:\/\/i.dunya.com\/1\/670\/377\/files\/2019\/11\/12\/456820\/456820.jpg?v=1573564952\" alt=\"\" width=\"295\" height=\"190\"><\/h2>\n<h3>Vergi Hukuk\u00e7usu ve Hac\u0131 Bayram Veli \u00dcniversitesi \u00f6\u011fretim \u00fcyesi Prof. Dr. Ahmet Ak, vergi uyu\u015fmazl\u0131klar\u0131nda m\u00fckelleflere verilen haklar\u0131n yasal g\u00fcvencesinin olmad\u0131\u011f\u0131n\u0131 s\u00f6yledi.<\/h3>\n<p><span style=\"font-size: 12pt;\">D\u00fcnya Gazetesi &#8211; Mehmet KAYA&#8217;n\u0131n Haberi<\/span><\/p>\n<p><span style=\"font-size: 12pt;\">D\u00dcNYA\u2019n\u0131n sorular\u0131n\u0131 yan\u0131tlayan Ahmet Ak, m\u00fckellefe yasal g\u00fcvence verilmesini, vergi uyu\u015fmazl\u0131\u011f\u0131n\u0131n kamu denet\u00e7isi arac\u0131l\u0131\u011f\u0131yla \u00e7\u00f6z\u00fcm\u00fc, m\u00fckellef haklar\u0131n\u0131n idari y\u00fck\u00fcml\u00fcl\u00fck olarak d\u00fczenlenmesi gerekti\u011fini vurgulad\u0131. Ahmet Ak, \u201cUzla\u015fmada adalet ve e\u015fitlik, aciz hali, \u00f6deme emrine kar\u015f\u0131 idari ba\u015fvuru ve ad\u0131na \u00f6deme yapan\u0131n kimlik bilgilerini \u00f6\u011frenme gibi, uygulamada kar\u015f\u0131la\u015f\u0131lan ve ciddi s\u0131k\u0131nt\u0131lara neden olan konular\u0131n g\u00fcndeme al\u0131nmas\u0131 gerekir\u201d g\u00f6r\u00fc\u015f\u00fcn\u00fc vurgulad\u0131.<\/span><\/p>\n<p><span style=\"font-size: 12pt;\">Ahmet Ak, m\u00fckellef haklar\u0131n\u0131n idari y\u00fck\u00fcml\u00fcl\u00fck olarak belirlenmesi yan\u0131nda, bu haklar\u0131n ihlalinin yapt\u0131r\u0131ma ba\u011flanmas\u0131 gerekti\u011fini de vurgulad\u0131. M\u00fckellef haklar\u0131n\u0131n g\u00fc\u00e7l\u00fc hukuk h\u00fck\u00fcmlerine dahil edilmesi gerekti\u011fini vurgulayan Ahmet Ak, \u201cHukuki koruma sa\u011flanmad\u0131k\u00e7a bir hakk\u0131n varl\u0131\u011f\u0131ndan bahsetmek anlams\u0131z olacakt\u0131r. Yasa \u00f6n\u00fcnde e\u015fitlik, adil yarg\u0131lanma, \u00f6zel hayat\u0131n gizlili\u011fi, m\u00fclkiyet hakk\u0131 ya da kamu hizmetlerinden mahrum b\u0131rak\u0131lmama gibi evrensel haklara ili\u015fkin konular anayasa ile d\u00fczenlenmeli, bu haklar\u0131n ayr\u0131nt\u0131lar\u0131 ise yasalarda yer almal\u0131d\u0131r\u201d dedi.<\/span><\/p>\n<p><span style=\"font-size: 12pt;\">T\u00fcrkiye\u2019deki d\u00fczenlemelerin da\u011f\u0131n\u0131k halde bulundu\u011funa i\u015faret eden Ahmet Ak, 2006 y\u0131l\u0131nda yay\u0131mlanan M\u00fckellef Haklar\u0131 Bildirgesinin de herhangi bir ba\u011flay\u0131c\u0131l\u0131\u011f\u0131 olmad\u0131\u011f\u0131n\u0131 anlatt\u0131. Ahmet Ak, \u201cM\u00fckellef haklar\u0131 denince; dilek\u00e7e hakk\u0131, bilgi edinme hakk\u0131, dava a\u00e7ma hakk\u0131, ihtirazi kay\u0131tla beyan hakk\u0131, temsil hakk\u0131, tarhiyata itiraz hakk\u0131 ilk akla gelenlerdir. M\u00fckelleflerin vergilendirme s\u00fcrecindeki idari i\u015flemler a\u015famas\u0131nda, vergi inceleme a\u015famas\u0131nda, tahsilat a\u015famas\u0131nda ya da cebren tahsil a\u015famas\u0131nda bir k\u0131s\u0131m yasal haklar\u0131 bulunmaktad\u0131r. Yasal haklar\u0131n korunmas\u0131 ve kulland\u0131r\u0131lmas\u0131 da hukuka devletinin bir gere\u011fidir\u201d diye konu\u015ftu.<\/span><\/p>\n<p><span style=\"font-size: 12pt;\">Vergi Hukuk\u00e7usu Ahmet Ak, mevzuat\u0131n g\u00fc\u00e7lendirilmesi yan\u0131nda, vergi uyu\u015fmazl\u0131klar\u0131n\u0131n kamu denet\u00e7isi arac\u0131l\u0131\u011f\u0131yla \u00e7\u00f6z\u00fclmesi uygulamas\u0131n\u0131n getirilmesi, m\u00fckellef haklar\u0131n\u0131n idari y\u00fck\u00fcml\u00fcl\u00fckler olarak d\u00fczenlenmesini \u00f6nererek, \u201cS\u00fcrekli y\u00fck\u00fcml\u00fcl\u00fcklerde m\u00fckellefiyeti dondurma hakk\u0131, uzla\u015fma ve benzeri haklar\u0131n kullan\u0131lmas\u0131nda e\u015fit i\u015flem ve adil yararlanma hakk\u0131, tarhiyata itiraz hakk\u0131, \u00f6deme emrine kar\u015f\u0131 vergi idaresine ba\u015fvuru\/itiraz hakk\u0131, \u00f6demelerde \u00f6demeyi yapan\u0131n kimlik bilgilerini \u00f6\u011frenme hakk\u0131 ve aciz halinde aciz fi\u015fi d\u00fczenlenmesini isteme hakk\u0131 konular\u0131nda mutlaka yasal d\u00fczenlemeler yap\u0131lmas\u0131, vergi idaresinin hangi i\u015flem ve eylemlerinin ya da i\u015flem yapmad\u0131\u011f\u0131 durumlarda ba\u015fvuru yollar\u0131 ve m\u00fckellef haklar\u0131n neler oldu\u011fu yasa ile d\u00fczenlenmelidir\u201d dedi.<\/span><\/p>\n<p>Kaynak: <a href=\"https:\/\/www.dunya.com\/yurttan-haberler\/vergi-hukukcusu-ahmet-ak-mukellef-haklari-yasal-guvenceye-baglanmali-haberi-456820\" target=\"_blank\" rel=\"noopener\">dunya.com<\/a>&nbsp;Yay\u0131n tarihi: 12 Kas\u0131m 2019<\/p>\n<p><\/p>\n<p><a href=\"#top\"><img decoding=\"async\" class=\" size-full wp-image-4388\" style=\"display: block; margin-left: auto; margin-right: auto;\" src=\"https:\/\/yeni.maliyeokulu.org.tr\/wp-content\/uploads\/2009\/09\/mo_damga.png\" alt=\"mo damga\" width=\"90\" height=\"76\" srcset=\"https:\/\/yeni.maliyeokulu.org.tr\/wp-content\/uploads\/2009\/09\/mo_damga.png 880w, https:\/\/yeni.maliyeokulu.org.tr\/wp-content\/uploads\/2009\/09\/mo_damga-300x254.png 300w, https:\/\/yeni.maliyeokulu.org.tr\/wp-content\/uploads\/2009\/09\/mo_damga-768x649.png 768w\" sizes=\"(max-width: 90px) 100vw, 90px\" \/><\/a><\/p>\n<p><\/p>\n<h1>\u201cT\u00fcrkiye, anahtar\u0131 ayd\u0131nl\u0131kta aramak yerine, bir an \u00f6nce kayboldu\u011fu yerde aramaya ba\u015flamal\u0131d\u0131r\u201d<\/h1>\n<p><strong><span lang=\"tr-TR\">Ahmet KAYA &#8211;&nbsp;<\/span><span lang=\"tr-TR\">Maliye Okulu Mezunlar\u0131 Derne\u011fi Genel Ba\u015fkan\u0131<\/span><\/strong><span style=\"font-size: 12pt;\"><span lang=\"tr-TR\"><img loading=\"lazy\" decoding=\"async\" class=\" alignleft size-full wp-image-4960\" style=\"margin: 8px; float: left;\" src=\"https:\/\/yeni.maliyeokulu.org.tr\/wp-content\/uploads\/2019\/03\/akaya_dunya.jpg\" alt=\"akaya dunya\" width=\"132\" height=\"177\"><\/span><\/span><\/p>\n<p class=\"artc-cnt\"><span style=\"font-size: 12pt;\"><span lang=\"tr-TR\">Milli E\u011fitim Bakan\u0131m\u0131z Ziya Sel\u00e7uk, 14.02.2015 tarihli H\u00fcrriyet Gazetesi\u2019nin \u201cE\u011fitim\u201d k\u00f6\u015fesinde kendisi ile yap\u0131lan bir s\u00f6yle\u015fide, \u201cBir \u00e7ocuk sadece ama sadece kendi do\u011fas\u0131nda, uygun bir atmosfer bulursa ye\u015ferir\u201d c\u00fcmlesini kullanm\u0131\u015ft\u0131. <\/span><\/span><\/p>\n<p class=\"artc-cnt\"><span style=\"font-size: 12pt;\"><span lang=\"tr-TR\">T\u00fcrkiye\u2019nin d\u00f6rt bir yan\u0131ndan, \u00e7o\u011funlukla ta\u015fradan gelip s\u0131navla se\u00e7ilerek girdi\u011fimiz ve 14-17 ya\u015flar\u0131m\u0131z\u0131 aile s\u0131cakl\u0131\u011f\u0131nda, yat\u0131l\u0131 olarak ge\u00e7irdi\u011fimiz Maliye Okulu\u2019nun mezunlar\u0131 olarak biz hep kendimizi \u201cdo\u011fam\u0131za uygun atmosferde\u201d e\u011fitim alan \u015fansl\u0131lar olarak g\u00f6rd\u00fck.&nbsp;<\/span><\/span><span style=\"font-size: 12pt;\"><span lang=\"tr-TR\">Kamu Maliyesi\u2019nin \u00f6zellikle ta\u015frada eksikli\u011fini hissetti\u011fi yetkin maliyeci mezun eden, g\u00fcn\u00fcm\u00fczde e\u011fitim vermeyen Maliye Meslek Lisesi gibi di\u011fer kurumlara ba\u011fl\u0131 meslek lisesi mezunlar\u0131 da hizmet verdikleri kurumlarda bu mutlu edici hissi ziyadesiyle ya\u015fam\u0131\u015flard\u0131r.&nbsp;<\/span><\/span><\/p>\n<p class=\"artc-cnt\"><span style=\"font-size: 12pt;\"><span lang=\"tr-TR\">Bakan Ziya Sel\u00e7uk, ge\u00e7ti\u011fimiz g\u00fcnlerde T\u00fcrkiye Odalar ve Borsalar Birli\u011fi (TOBB) Ba\u015fkan\u0131 ile birlikte meslek liselerinde \u201c\u00f6zel sekt\u00f6r\u201d d\u00f6nemini ba\u015flatan protokole imza atm\u0131\u015f ve orada Almanya\u2019da mesleki teknik okullar\u0131n y\u00fczde 80\u2019inin \u00f6zel sekt\u00f6r\u00fcn destekledi\u011fi okullar oldu\u011fu, bizde bu oran\u0131n y\u00fczde 4 civar\u0131nda bulundu\u011fu tespitini yapm\u0131\u015ft\u0131.&nbsp;<\/span><\/span><span style=\"font-size: 12pt;\"><span lang=\"tr-TR\">Bakan Ziya Sel\u00e7uk konu\u015fmas\u0131nda, \u201caran\u0131lan\u201d d\u00fczeyde nitelikli insan g\u00fcc\u00fcn\u00fcn yeti\u015ftirilmesi ve ekonomiye kazand\u0131r\u0131lmas\u0131yla yat\u0131r\u0131mc\u0131lar\u0131n bu protokol\u00fcn semeresini k\u0131sa s\u00fcrede alacaklar\u0131n\u0131 vurgulam\u0131\u015ft\u0131.&nbsp;<\/span><\/span><span style=\"font-size: 12pt;\">\u201c<span lang=\"tr-TR\">Devam\u0131 gelecek\u201d mesaj\u0131n\u0131, bu mesaj\u0131n kapsam\u0131nda kamu kesimi \u201caran\u0131lan\u201d ara insan g\u00fcc\u00fc eksikli\u011fini giderme planlar\u0131n\u0131n da oldu\u011funu umarak, umut verici buluyorum. <\/span><\/span><\/p>\n<p class=\"artc-cnt\"><span style=\"font-size: 12pt;\"><span lang=\"tr-TR\">Bu noktada, haz\u0131r Almanya\u2019daki mesleki e\u011fitim g\u00fcndeme gelmi\u015fken, yine bu \u00fclkeden \u00f6rnek vererek baz\u0131 hususlar\u0131 payla\u015fmakta yarar g\u00f6r\u00fcyorum. Almanya&#8217;da kamu kesimine ara insan g\u00fcc\u00fc yeti\u015ftiren e\u011fitim programlar\u0131, 1919 y\u0131l\u0131ndan bu yana Almanya Mali \u0130daresi\u2019nin y\u00f6netim ve denetimi alt\u0131nda bulunmaktad\u0131r. &#8220;Orta Dereceli Memur&#8221; yeti\u015ftiren okullardan Bavyera eyaletindeki &#8220;Landesfmanzschule&#8221; (Maliye Lisesi) programlar\u0131 ile mali idare, finans, ula\u015ft\u0131rma ve emniyet te\u015fkilat\u0131 gibi kamu kurulu\u015flar\u0131n\u0131n personel ihtiyac\u0131n\u0131n kar\u015f\u0131lamas\u0131 ama\u00e7lanmaktad\u0131r.<\/span><\/span><\/p>\n<p class=\"artc-cnt\"><span style=\"font-size: 12pt;\"><span lang=\"tr-TR\">T\u00fcrkiye\u2019de, 1924 y\u0131l\u0131nda benzeri stat\u00fcde kurulan Maliye Okulu, kapat\u0131ld\u0131\u011f\u0131 2001 y\u0131l\u0131na kadar verdi\u011fi mezunlarla Mali \u0130dare i\u00e7indeki ara insan g\u00fcc\u00fc ihtiyac\u0131n\u0131 kar\u015f\u0131lamakta ba\u015far\u0131l\u0131 i\u015flev g\u00f6rm\u00fc\u015ft\u00fcr.&nbsp;<\/span><\/span><span style=\"font-size: 12pt;\"><span lang=\"tr-TR\">\u00dclke s\u0131n\u0131rlar\u0131n\u0131n korunmas\u0131, can ve mal g\u00fcvenli\u011fi sa\u011flanmas\u0131 gibi kamu kesiminde kalmas\u0131 gereken alanlar\u0131n yan\u0131 s\u0131ra, nitelikli \u201cara\/aran\u0131lan\u201d insan g\u00fcc\u00fc a\u00e7\u0131\u011f\u0131, di\u011fer kamusal alanlarda da g\u00fcn ge\u00e7tik\u00e7e daha fazla kendini hissettirmektedir.&nbsp;<\/span><\/span><\/p>\n<p class=\"artc-cnt\"><span style=\"font-size: 12pt;\"><span lang=\"tr-TR\">Bu kamusal alanlar\u0131n ba\u015f\u0131nda, \u015fu s\u0131ralar en \u00e7ok vurgu yapt\u0131\u011f\u0131m\u0131z, \u00fclke ekonomisi i\u00e7in uzakla\u015fmak istemedi\u011fimiz \u201cmali disiplin\u201di sa\u011flayacak akt\u00f6rler aras\u0131nda yer alan kurum ve kurulu\u015flar\u0131 ve \u00f6zellikle de ta\u015fra te\u015fkilatlar\u0131 gelmektedir.&nbsp;<\/span><\/span><span style=\"font-size: 12pt;\"><span lang=\"tr-TR\">\u0130\u015fte tam da bu alanda, Ankara Maliye Okulu, Ulus\u2019ta Birinci T\u00fcrkiye B\u00fcy\u00fck Millet Meclisi\u2019nin arkas\u0131ndaki binas\u0131nda 1997 y\u0131l\u0131na kadar, Kamu Maliyesi\u2019ne ve Gelir \u0130daresi\u2019ne memur yeti\u015ftirmi\u015ftir. <\/span><\/span><\/p>\n<p class=\"artc-cnt\"><span style=\"font-size: 12pt;\"><span lang=\"tr-TR\">Ne gariptir ki, ihtiyac\u0131n artt\u0131\u011f\u0131 d\u00fc\u015f\u00fcncesiyle 80\u2019li y\u0131llarda \u0130stanbul ve \u0130zmir\u2019de de Maliye Meslek Liseleri a\u00e7\u0131lm\u0131\u015f, daha sonra 2000\u2019li y\u0131llar\u0131n ba\u015f\u0131nda bu okullar\u0131n t\u00fcm\u00fc kapat\u0131lm\u0131\u015ft\u0131r.&nbsp;<\/span><\/span><span style=\"font-size: 12pt;\"><span lang=\"tr-TR\">Kurumlar\u0131n eleman yeti\u015ftirmek \u00fczere a\u00e7t\u0131klar\u0131 di\u011fer liselerden; Anadolu Meteoroloji Meslek Lisesi, Anadolu Tapu ve Kadastro Meslek Lisesi ile Sa\u011fl\u0131k, Tar\u0131m ve Adalet Meslek Liseleri, 26.01.2006 tarihinde kabul edilen 5450 say\u0131l\u0131 Kanunla, \u201ckamu kurum ve kurulu\u015flar\u0131na ba\u011fl\u0131 okullar, e\u011fitim merkezleri ve kurslar\u201d olarak, b\u00fcnyelerindeki d\u00f6ner sermaye i\u015fletmeleri ile birlikte Mill\u00ee E\u011fitim Bakanl\u0131\u011f\u0131\u2019na devredilmi\u015flerdir.&nbsp;<\/span><\/span><span style=\"font-size: 12pt;\"><span lang=\"tr-TR\">Teknik Ziraat ve Teknik Bah\u00e7\u0131vanl\u0131k Okullar\u0131, ayn\u0131 kanun ile y\u00fcr\u00fcrl\u00fckten kald\u0131r\u0131lm\u0131\u015ft\u0131r. T\u00fcrk Sil\u00e2hl\u0131 Kuvvetleri ve Emniyet Genel M\u00fcd\u00fcrl\u00fc\u011f\u00fc\u2019ne ba\u011fl\u0131 okullar bu kanun kapsam\u0131 d\u0131\u015f\u0131nda b\u0131rak\u0131lm\u0131\u015flard\u0131r.&nbsp;<\/span><\/span><span style=\"font-size: 12pt;\"><span lang=\"tr-TR\">O g\u00fcne ait kapatma gerek\u00e7eleri irdelenerek bu okullar\u0131n \u00e7a\u011fa uygun \u015fekilde tekrar e\u011fitimdeki yerlerini almalar\u0131 sa\u011flanmal\u0131d\u0131r. <\/span><\/span><\/p>\n<p class=\"artc-cnt\"><span style=\"font-size: 12pt;\"><span lang=\"tr-TR\">Milli E\u011fitim Bakanl\u0131\u011f\u0131\u2019n\u0131n TOBB ile \u00f6zel sekt\u00f6r alan\u0131nda ba\u015flatt\u0131\u011f\u0131 i\u015f birli\u011finin, vakit kaybetmeden kamu alan\u0131na da yans\u0131t\u0131lmas\u0131, devlet kurumlar\u0131nda eksikli\u011fi her ge\u00e7en g\u00fcn daha \u00e7ok hissedilen, \u201caran\u0131lan\u201d ara eleman kaynaklar\u0131n\u0131 yeniden \u00fcretime a\u00e7acakt\u0131r.&nbsp;<\/span><\/span><span style=\"font-size: 12pt;\"><span lang=\"tr-TR\">Kapat\u0131lm\u0131\u015f Ankara Maliye Okulu binas\u0131n\u0131n Yabanc\u0131 Diller Y\u00fcksek Okulu olarak Sosyal Bilimler Devlet \u00dcniversitesi (ASB\u00dc) b\u00fcnyesine kat\u0131lmas\u0131 nedeniyle Derne\u011fimizce d\u00fczenlenen an\u0131 plaket \u00e7akma t\u00f6reninde konu\u015fan Rekt\u00f6r Prof. Dr. Mehmet Barca\u2019n\u0131n, \u00fcniversite kap\u0131lar\u0131n\u0131n d\u00fczenleyece\u011fimiz seminer, sempozyum ve panellere a\u00e7\u0131k oldu\u011funu belirtmesinden g\u00fc\u00e7 alarak; \u0130lgili bakanl\u0131k temsilcilerinin de kat\u0131l\u0131mlar\u0131yla, di\u011fer kurumlara ba\u011fl\u0131 meslek liseleri mezun dernekleriyle birlikte ge\u00e7mi\u015fteki bu ba\u015far\u0131l\u0131 e\u011fitim deneyimlerini bir sempozyumda masaya yat\u0131r\u0131p k\u00fc\u00e7\u00fck katk\u0131lar sunma fikri bile bizi heyecanland\u0131r\u0131yor.&nbsp;<\/span><\/span><\/p>\n<p class=\"artc-cnt\"><span style=\"font-size: 12pt;\"><span lang=\"tr-TR\">Ara insan g\u00fcc\u00fc bir \u00fclkedeki kaliteli \u00fcretimin anahtar\u0131 ise e\u011fer, yine Milli E\u011fitim Bakan\u0131m\u0131z\u0131n deyi\u015fiyle \u201cT\u00fcrkiye, anahtar\u0131 ayd\u0131nl\u0131kta aramak yerine, bir an \u00f6nce kayboldu\u011fu yerde aramaya ba\u015flamal\u0131d\u0131r\u201d<\/span><\/span><\/p>\n<p class=\"artc-cnt\">Kaynak: <a href=\"https:\/\/www.dunya.com\/kose-yazisi\/turkiye-anahtari-aydinlikta-aramak-yerine-bir-an-once-kayboldugu-yerde-aramaya-baslamalidir\/441511\" target=\"_blank\" rel=\"noopener\">dunya.com<\/a>&nbsp;Yay\u0131n tarihi: 18 Mart 2019<\/p>\n<p><a href=\"#top\"><img decoding=\"async\" class=\" size-full wp-image-4388\" style=\"display: block; margin-left: auto; margin-right: auto;\" src=\"https:\/\/yeni.maliyeokulu.org.tr\/wp-content\/uploads\/2009\/09\/mo_damga.png\" alt=\"mo damga\" width=\"90\" height=\"76\" srcset=\"https:\/\/yeni.maliyeokulu.org.tr\/wp-content\/uploads\/2009\/09\/mo_damga.png 880w, https:\/\/yeni.maliyeokulu.org.tr\/wp-content\/uploads\/2009\/09\/mo_damga-300x254.png 300w, https:\/\/yeni.maliyeokulu.org.tr\/wp-content\/uploads\/2009\/09\/mo_damga-768x649.png 768w\" sizes=\"(max-width: 90px) 100vw, 90px\" \/><\/a><\/p>\n<p><\/p>\t\t\t\t\t\t\t\t<\/div>\n\t\t\t\t<\/div>\n\t\t\t\t<\/div>\n\t\t\t\t\t<\/div>\n\t\t\t\t<\/div>\n\t\t\t\t<\/div>\n\t\t","protected":false},"excerpt":{"rendered":"<p>Prof. Dr. Co\u015fkun Can AKTAN yazd\u0131:&nbsp; A\u011eIR VERG\u0130 Y\u00dcK\u00dc ve YERALTI&nbsp; EKONOM\u0130S\u0130 Bireylerin piyasa ekonomisinde vergilenmeyen veya eksik olarak vergilendirilen iktisadi faaliyetleri \u201cyeralt\u0131 ekonomisi\u201d olarak adland\u0131r\u0131l\u0131yor. Ticari, s\u0131nai, zirai vs. faaliyetlerde bulunan kimselerin normal olarak vergi dairesine kay\u0131tl\u0131 olmalar\u0131, defter ve belgelerine g\u00f6re vergilerini \u00f6demeleri gerekir. Sadece gelir elde eden ger\u00e7ek ve t\u00fczel ki\u015filerin de\u011fil, [&hellip;]<\/p>\n","protected":false},"author":1,"featured_media":4979,"comment_status":"closed","ping_status":"closed","sticky":false,"template":"elementor_header_footer","format":"standard","meta":{"_eb_attr":"","_gspb_post_css":"","_crdt_document":"","footnotes":""},"categories":[121],"tags":[],"class_list":["post-4983","post","type-post","status-publish","format-standard","has-post-thumbnail","hentry","category-haber-arsivi"],"blocksy_meta":[],"_links":{"self":[{"href":"https:\/\/yeni.maliyeokulu.org.tr\/index.php?rest_route=\/wp\/v2\/posts\/4983","targetHints":{"allow":["GET"]}}],"collection":[{"href":"https:\/\/yeni.maliyeokulu.org.tr\/index.php?rest_route=\/wp\/v2\/posts"}],"about":[{"href":"https:\/\/yeni.maliyeokulu.org.tr\/index.php?rest_route=\/wp\/v2\/types\/post"}],"author":[{"embeddable":true,"href":"https:\/\/yeni.maliyeokulu.org.tr\/index.php?rest_route=\/wp\/v2\/users\/1"}],"replies":[{"embeddable":true,"href":"https:\/\/yeni.maliyeokulu.org.tr\/index.php?rest_route=%2Fwp%2Fv2%2Fcomments&post=4983"}],"version-history":[{"count":5,"href":"https:\/\/yeni.maliyeokulu.org.tr\/index.php?rest_route=\/wp\/v2\/posts\/4983\/revisions"}],"predecessor-version":[{"id":6922,"href":"https:\/\/yeni.maliyeokulu.org.tr\/index.php?rest_route=\/wp\/v2\/posts\/4983\/revisions\/6922"}],"wp:featuredmedia":[{"embeddable":true,"href":"https:\/\/yeni.maliyeokulu.org.tr\/index.php?rest_route=\/wp\/v2\/media\/4979"}],"wp:attachment":[{"href":"https:\/\/yeni.maliyeokulu.org.tr\/index.php?rest_route=%2Fwp%2Fv2%2Fmedia&parent=4983"}],"wp:term":[{"taxonomy":"category","embeddable":true,"href":"https:\/\/yeni.maliyeokulu.org.tr\/index.php?rest_route=%2Fwp%2Fv2%2Fcategories&post=4983"},{"taxonomy":"post_tag","embeddable":true,"href":"https:\/\/yeni.maliyeokulu.org.tr\/index.php?rest_route=%2Fwp%2Fv2%2Ftags&post=4983"}],"curies":[{"name":"wp","href":"https:\/\/api.w.org\/{rel}","templated":true}]}}