{"id":4986,"date":"2021-02-03T21:30:38","date_gmt":"2021-02-03T18:30:38","guid":{"rendered":"https:\/\/yeni.maliyeokulu.org.tr\/konferans-daveti\/"},"modified":"2025-08-02T18:25:35","modified_gmt":"2025-08-02T15:25:35","slug":"konferans-daveti","status":"publish","type":"post","link":"https:\/\/yeni.maliyeokulu.org.tr\/?p=4986","title":{"rendered":"Konferans Daveti"},"content":{"rendered":"<h2>Onursal Genel Ba\u015fkan\u0131m\u0131z\u0131n Konferans Daveti<\/h2>\n<p><span style=\"font-size: 12pt;\">D\u00fcnyan\u0131n en b\u00fcy\u00fck avukat toplulu\u011fu ve \u00f6rg\u00fct\u00fcn\u00fc olu\u015fturan \u0130stanbul Barosunun \u0130dare ve Vergi Hukuku Komisyonu Ba\u015fkan\u0131 <strong>Onursal Genel Ba\u015fkan\u0131m\u0131z Av. Mehmet KAYA<\/strong>, t\u00fcm mezunlar\u0131m\u0131z\u0131 &#8220;<em>Vergi Hukukunda Uzmanla\u015fma &#8211; Gelecek?<\/em>&#8221; konferans\u0131na davet ediyor.<\/span><\/p>\n<p><span style=\"font-size: 12pt;\">Konferans\u0131n 15:00&#8217;de ba\u015flayaca\u011f\u0131 planlanan ikinci oturumunun konu\u015fmac\u0131lar\u0131 aras\u0131nda 1981-Ankara mezunumuz Av. Adnan KORKMAZ ile 1983 &#8211; 1985 \u0130zmir mezunlar\u0131m\u0131z \u00d6zkan ve Serap (KE\u00c7EC\u0130) SARUHAN&#8217;\u0131n k\u0131zlar\u0131 Av.G\u00f6zde SARUHAN BERK de&nbsp;<span style=\"font-size: 12pt;\">Uygulama Perspektifinden: Yarg\u0131\u00e7 &#8211; Avukat Bak\u0131\u015f\u0131 konusunda bildirilerini sunacaklar.&nbsp;<\/span><\/span><\/p>\n<p><!--more--><\/p>\n<p><span style=\"font-size: 12pt;\">Konferans\u0131 23 Ocak 2021 Cumartesi g\u00fcn\u00fc saat 13:30&#8217;dan itibaren \u0130stanbul Barosunun <a href=\"https:\/\/www.youtube.com\/c\/BarovizyonTv\/featured\" target=\"_blank\" rel=\"noopener\">Youtube<\/a>&nbsp;Barovizyon kanal\u0131ndan izleyebilirsiniz.&nbsp;<\/span><\/p>\n<p><img fetchpriority=\"high\" decoding=\"async\" class=\" size-full wp-image-4985\" style=\"display: block; margin-left: auto; margin-right: auto;\" src=\"https:\/\/yeni.maliyeokulu.org.tr\/wp-content\/uploads\/2021\/02\/Baro_Konferans.jpg\" alt=\"Baro Konferans\" width=\"564\" height=\"600\" srcset=\"https:\/\/yeni.maliyeokulu.org.tr\/wp-content\/uploads\/2021\/02\/Baro_Konferans.jpg 564w, https:\/\/yeni.maliyeokulu.org.tr\/wp-content\/uploads\/2021\/02\/Baro_Konferans-282x300.jpg 282w\" sizes=\"(max-width: 564px) 100vw, 564px\" \/><\/p>\n<p style=\"text-align: center;\"><img decoding=\"async\" class=\" size-full wp-image-4388\" src=\"https:\/\/yeni.maliyeokulu.org.tr\/wp-content\/uploads\/2009\/09\/mo_damga.png\" alt=\"mo damga\" width=\"80\" height=\"68\" srcset=\"https:\/\/yeni.maliyeokulu.org.tr\/wp-content\/uploads\/2009\/09\/mo_damga.png 880w, https:\/\/yeni.maliyeokulu.org.tr\/wp-content\/uploads\/2009\/09\/mo_damga-300x254.png 300w, https:\/\/yeni.maliyeokulu.org.tr\/wp-content\/uploads\/2009\/09\/mo_damga-768x649.png 768w\" sizes=\"(max-width: 80px) 100vw, 80px\" \/><\/p>\n","protected":false},"excerpt":{"rendered":"<p>Onursal Genel Ba\u015fkan\u0131m\u0131z\u0131n Konferans Daveti D\u00fcnyan\u0131n en b\u00fcy\u00fck avukat toplulu\u011fu ve \u00f6rg\u00fct\u00fcn\u00fc olu\u015fturan \u0130stanbul Barosunun \u0130dare ve Vergi Hukuku Komisyonu Ba\u015fkan\u0131 Onursal Genel Ba\u015fkan\u0131m\u0131z Av. Mehmet KAYA, t\u00fcm mezunlar\u0131m\u0131z\u0131 &#8220;Vergi Hukukunda Uzmanla\u015fma &#8211; Gelecek?&#8221; konferans\u0131na davet ediyor. Konferans\u0131n 15:00&#8217;de ba\u015flayaca\u011f\u0131 planlanan ikinci oturumunun konu\u015fmac\u0131lar\u0131 aras\u0131nda 1981-Ankara mezunumuz Av. Adnan KORKMAZ ile 1983 &#8211; 1985 \u0130zmir [&hellip;]<\/p>\n","protected":false},"author":1,"featured_media":4985,"comment_status":"open","ping_status":"open","sticky":false,"template":"","format":"standard","meta":{"_eb_attr":"","_gspb_post_css":"","_crdt_document":"","footnotes":""},"categories":[121],"tags":[],"class_list":["post-4986","post","type-post","status-publish","format-standard","has-post-thumbnail","hentry","category-haber-arsivi"],"blocksy_meta":[],"_links":{"self":[{"href":"https:\/\/yeni.maliyeokulu.org.tr\/index.php?rest_route=\/wp\/v2\/posts\/4986","targetHints":{"allow":["GET"]}}],"collection":[{"href":"https:\/\/yeni.maliyeokulu.org.tr\/index.php?rest_route=\/wp\/v2\/posts"}],"about":[{"href":"https:\/\/yeni.maliyeokulu.org.tr\/index.php?rest_route=\/wp\/v2\/types\/post"}],"author":[{"embeddable":true,"href":"https:\/\/yeni.maliyeokulu.org.tr\/index.php?rest_route=\/wp\/v2\/users\/1"}],"replies":[{"embeddable":true,"href":"https:\/\/yeni.maliyeokulu.org.tr\/index.php?rest_route=%2Fwp%2Fv2%2Fcomments&post=4986"}],"version-history":[{"count":1,"href":"https:\/\/yeni.maliyeokulu.org.tr\/index.php?rest_route=\/wp\/v2\/posts\/4986\/revisions"}],"predecessor-version":[{"id":18307,"href":"https:\/\/yeni.maliyeokulu.org.tr\/index.php?rest_route=\/wp\/v2\/posts\/4986\/revisions\/18307"}],"wp:featuredmedia":[{"embeddable":true,"href":"https:\/\/yeni.maliyeokulu.org.tr\/index.php?rest_route=\/wp\/v2\/media\/4985"}],"wp:attachment":[{"href":"https:\/\/yeni.maliyeokulu.org.tr\/index.php?rest_route=%2Fwp%2Fv2%2Fmedia&parent=4986"}],"wp:term":[{"taxonomy":"category","embeddable":true,"href":"https:\/\/yeni.maliyeokulu.org.tr\/index.php?rest_route=%2Fwp%2Fv2%2Fcategories&post=4986"},{"taxonomy":"post_tag","embeddable":true,"href":"https:\/\/yeni.maliyeokulu.org.tr\/index.php?rest_route=%2Fwp%2Fv2%2Ftags&post=4986"}],"curies":[{"name":"wp","href":"https:\/\/api.w.org\/{rel}","templated":true}]}}