{"id":4990,"date":"2021-02-15T11:49:05","date_gmt":"2021-02-15T08:49:05","guid":{"rendered":"https:\/\/yeni.maliyeokulu.org.tr\/genel-kurul-cagrisi\/"},"modified":"2025-08-02T18:25:35","modified_gmt":"2025-08-02T15:25:35","slug":"genel-kurul-cagrisi","status":"publish","type":"post","link":"https:\/\/yeni.maliyeokulu.org.tr\/?p=4990","title":{"rendered":"Genel Kurul \u00c7a\u011fr\u0131s\u0131"},"content":{"rendered":"<h2 style=\"text-align: center;\">MOMDER Ola\u011fan Genel Kurul \u00c7a\u011fr\u0131s\u0131<\/h2>\n<p><span style=\"font-size: 12pt;\">Sevgili ve Sayg\u0131de\u011fer Mezunlar\u0131m\u0131z,<\/span><\/p>\n<p style=\"text-align: justify;\"><span style=\"font-size: 12pt;\">Derne\u011fimizin pandemi kararlar\u0131 nedeniyle ertelenen Ola\u011fan Genel Kurul toplant\u0131s\u0131n\u0131n Yenimahalle Belediyesi Naz\u0131m Hikmet K\u00fclt\u00fcr Merkezinde, <strong>21\/03\/2021 Pazar<\/strong>&nbsp;g\u00fcn\u00fc saat <strong>15:00<\/strong>&#8216;de salt \u00e7o\u011funlukla, salt \u00e7o\u011funluk sa\u011flanamad\u0131\u011f\u0131 takdirde \u00e7o\u011funluk aranmaks\u0131z\u0131n <strong>28\/03\/2021<\/strong>&nbsp;<strong>Pazar<\/strong> g\u00fcn\u00fc <span style=\"text-decoration: underline;\">ayn\u0131 saat ve yerde<\/span> a\u015fa\u011f\u0131daki g\u00fcndemle yap\u0131lmas\u0131na ve yap\u0131lacak genel kurul toplant\u0131s\u0131na ili\u015fkin tarih, yer, saat ve g\u00fcndem bilgilerinin Derne\u011fimizin internet sayfas\u0131 (<a href=\"http:\/\/www.maliyeokulu.org.tr\/\" data-saferedirecturl=\"https:\/\/www.google.com\/url?q=http:\/\/www.maliyeokulu.org.tr&#038;source=gmail&#038;ust=1613422313202000&#038;usg=AFQjCNFhIHgekxaleOqbpI0kdw29-gHTKw\">www.maliyeokulu.org.tr<\/a>) yoluyla \u00fcyelere duyurulmas\u0131na oybirli\u011fi ile karar verilmi\u015ftir.<\/span><\/p>\n<p>&nbsp;<\/p>\n<h3 style=\"text-align: center;\"><span style=\"font-size: 12pt;\">Ola\u011fan Genel Kurul G\u00fcndemi<\/span><\/h3>\n<p><span style=\"font-size: 12pt;\">1) Kat\u0131lan \u00fcyelerce hazirun listesinin imzalanmas\u0131,<\/span><\/p>\n<p><span style=\"font-size: 12pt;\">2) Ba\u015fkan\u0131n a\u00e7\u0131l\u0131\u015f konu\u015fmas\u0131,<\/span><\/p>\n<p><span style=\"font-size: 12pt;\">3) Divan heyetinin se\u00e7ilmesi,<\/span><\/p>\n<p><span style=\"font-size: 12pt;\">4) Gelir-Gider durumu ve faaliyet raporlar\u0131n\u0131n okunmas\u0131,<\/span><\/p>\n<p><span style=\"font-size: 12pt;\">5) Y\u00f6netim kurulunun ibras\u0131,<\/span><\/p>\n<p><span style=\"font-size: 12pt;\">6) Dernek organlar\u0131n\u0131n se\u00e7ilmesi,<\/span><\/p>\n<p><span style=\"font-size: 12pt;\">7) Di\u011fer yaz\u0131l\u0131 ve s\u00f6zl\u00fc \u00f6nergeler ile&nbsp;dilek ve temennilerin g\u00f6r\u00fc\u015f\u00fclmesi,<\/span><\/p>\n<p><span style=\"font-size: 12pt;\">8) Kapan\u0131\u015f<span style=\"font-size: 12pt;\"><img decoding=\"async\" class=\" alignright size-full wp-image-4195\" style=\"float: right;\" src=\"https:\/\/yeni.maliyeokulu.org.tr\/wp-content\/uploads\/2006\/10\/MO-tpDamga-Logo.png\" alt=\"MO tpDamga Logo\" width=\"181\" height=\"154\" srcset=\"https:\/\/yeni.maliyeokulu.org.tr\/wp-content\/uploads\/2006\/10\/MO-tpDamga-Logo.png 536w, https:\/\/yeni.maliyeokulu.org.tr\/wp-content\/uploads\/2006\/10\/MO-tpDamga-Logo-300x254.png 300w\" sizes=\"(max-width: 181px) 100vw, 181px\" \/><\/span><\/span><\/p>\n<p><a class=\"wf_file\" title=\"image.png\" href=\"https:\/\/yeni.maliyeokulu.org.tr\/wp-content\/uploads\/2021\/02\/image.png\" type=\"image\/png\"><\/a><\/p>\n<p><span style=\"font-size: 12pt;\"><strong>Maliye Okulu Mezunlar\u0131 Derne\u011fi<\/strong><\/span><br \/><span style=\"font-size: 12pt;\"><strong>Y\u00f6netim Kurulu a.<\/strong><\/span><\/p>\n<p><span style=\"font-size: 12pt;\"><strong>Ahmet KAYA<\/strong><\/span><br \/><span style=\"font-size: 12pt;\"><strong>Genel Ba\u015fkan<\/strong><\/span><\/p>\n<p style=\"text-align: center;\"><img decoding=\"async\" class=\" size-full wp-image-4388\" src=\"https:\/\/yeni.maliyeokulu.org.tr\/wp-content\/uploads\/2009\/09\/mo_damga.png\" alt=\"mo damga\" width=\"101\" height=\"86\" srcset=\"https:\/\/yeni.maliyeokulu.org.tr\/wp-content\/uploads\/2009\/09\/mo_damga.png 880w, https:\/\/yeni.maliyeokulu.org.tr\/wp-content\/uploads\/2009\/09\/mo_damga-300x254.png 300w, https:\/\/yeni.maliyeokulu.org.tr\/wp-content\/uploads\/2009\/09\/mo_damga-768x649.png 768w\" sizes=\"(max-width: 101px) 100vw, 101px\" \/><\/p>\n","protected":false},"excerpt":{"rendered":"<p>MOMDER Ola\u011fan Genel Kurul \u00c7a\u011fr\u0131s\u0131 Sevgili ve Sayg\u0131de\u011fer Mezunlar\u0131m\u0131z, Derne\u011fimizin pandemi kararlar\u0131 nedeniyle ertelenen Ola\u011fan Genel Kurul toplant\u0131s\u0131n\u0131n Yenimahalle Belediyesi Naz\u0131m Hikmet K\u00fclt\u00fcr Merkezinde, 21\/03\/2021 Pazar&nbsp;g\u00fcn\u00fc saat 15:00&#8216;de salt \u00e7o\u011funlukla, salt \u00e7o\u011funluk sa\u011flanamad\u0131\u011f\u0131 takdirde \u00e7o\u011funluk aranmaks\u0131z\u0131n 28\/03\/2021&nbsp;Pazar g\u00fcn\u00fc ayn\u0131 saat ve yerde a\u015fa\u011f\u0131daki g\u00fcndemle yap\u0131lmas\u0131na ve yap\u0131lacak genel kurul toplant\u0131s\u0131na ili\u015fkin tarih, yer, saat ve [&hellip;]<\/p>\n","protected":false},"author":1,"featured_media":4195,"comment_status":"open","ping_status":"open","sticky":false,"template":"","format":"standard","meta":{"_eb_attr":"","_gspb_post_css":"","_crdt_document":"","footnotes":""},"categories":[121],"tags":[],"class_list":["post-4990","post","type-post","status-publish","format-standard","has-post-thumbnail","hentry","category-haber-arsivi"],"blocksy_meta":[],"_links":{"self":[{"href":"https:\/\/yeni.maliyeokulu.org.tr\/index.php?rest_route=\/wp\/v2\/posts\/4990","targetHints":{"allow":["GET"]}}],"collection":[{"href":"https:\/\/yeni.maliyeokulu.org.tr\/index.php?rest_route=\/wp\/v2\/posts"}],"about":[{"href":"https:\/\/yeni.maliyeokulu.org.tr\/index.php?rest_route=\/wp\/v2\/types\/post"}],"author":[{"embeddable":true,"href":"https:\/\/yeni.maliyeokulu.org.tr\/index.php?rest_route=\/wp\/v2\/users\/1"}],"replies":[{"embeddable":true,"href":"https:\/\/yeni.maliyeokulu.org.tr\/index.php?rest_route=%2Fwp%2Fv2%2Fcomments&post=4990"}],"version-history":[{"count":1,"href":"https:\/\/yeni.maliyeokulu.org.tr\/index.php?rest_route=\/wp\/v2\/posts\/4990\/revisions"}],"predecessor-version":[{"id":18306,"href":"https:\/\/yeni.maliyeokulu.org.tr\/index.php?rest_route=\/wp\/v2\/posts\/4990\/revisions\/18306"}],"wp:featuredmedia":[{"embeddable":true,"href":"https:\/\/yeni.maliyeokulu.org.tr\/index.php?rest_route=\/wp\/v2\/media\/4195"}],"wp:attachment":[{"href":"https:\/\/yeni.maliyeokulu.org.tr\/index.php?rest_route=%2Fwp%2Fv2%2Fmedia&parent=4990"}],"wp:term":[{"taxonomy":"category","embeddable":true,"href":"https:\/\/yeni.maliyeokulu.org.tr\/index.php?rest_route=%2Fwp%2Fv2%2Fcategories&post=4990"},{"taxonomy":"post_tag","embeddable":true,"href":"https:\/\/yeni.maliyeokulu.org.tr\/index.php?rest_route=%2Fwp%2Fv2%2Ftags&post=4990"}],"curies":[{"name":"wp","href":"https:\/\/api.w.org\/{rel}","templated":true}]}}