{"id":4992,"date":"2021-01-01T22:25:11","date_gmt":"2021-01-01T19:25:11","guid":{"rendered":"https:\/\/yeni.maliyeokulu.org.tr\/merhaba-2021\/"},"modified":"2025-08-02T18:25:35","modified_gmt":"2025-08-02T15:25:35","slug":"merhaba-2021","status":"publish","type":"post","link":"https:\/\/yeni.maliyeokulu.org.tr\/?p=4992","title":{"rendered":"Merhaba 2021"},"content":{"rendered":"<h2><span style=\"font-size: 1.5em;\">Sevgili, Sayg\u0131de\u011fer Mezunlar\u0131m\u0131z;<\/span><\/h2>\n<p><span style=\"background-image: url('http:\/\/maliyeokulu.org.tr\/administrator\/images\/mo_damga.png'); background-repeat: no-repeat;\"><span style=\"font-size: 12pt;\"><\/span><br \/><\/span><span style=\"font-size: 12pt;\">Yeni y\u0131la g\u00fczel umutlarla girilir. K\u00f6t\u00fc olaylar\u0131n geride kalmas\u0131 istenir.&nbsp;<br \/><\/span><span style=\"font-size: 12pt;\">Y\u0131l i\u00e7inde ya\u015fanm\u0131\u015f \u00fcz\u00fcnt\u00fclere ra\u011fmen, y\u0131l\u0131n son g\u00fcn\u00fcndeki co\u015fkulu, ne\u015feli olma \u00e7abas\u0131, bu umudu g\u00fc\u00e7l\u00fc tutma, umuda sar\u0131lma iste\u011fidir asl\u0131nda.<\/span><\/p>\n<p><!--more--><\/p>\n<p><span style=\"font-size: 12pt;\">2020 y\u0131l\u0131n\u0131 bug\u00fcn bitiriyor, yar\u0131n 2021 y\u0131l\u0131na yine yeni umutlarla giriyoruz.<br \/><\/span><span style=\"font-size: 12pt;\">Elimiz hi\u00e7 yazmaya gitmedi, \u015fu, geride b\u0131rakt\u0131\u011f\u0131m\u0131z ad\u0131n\u0131 dahi art\u0131k anmak istemedi\u011fimiz y\u0131l s\u00fcresince.<br \/><\/span><span style=\"font-size: 12pt;\">Nas\u0131l gitsin ki,<br \/><\/span><span style=\"font-size: 12pt;\">Ocak \u201920 \u2013 Aral\u0131k \u201920 aras\u0131 30 \u00e7\u0131nar\u0131m\u0131z\u0131 topra\u011fa vermi\u015fiz:<br \/><\/span><em><span style=\"font-family: sans-serif;\"><span style=\"font-size: 12pt;\">\u201959 Halil brahim Ba\u015faran;<br \/><\/span><span style=\"font-size: 12pt;\">\u201960 Sait Keke\u00e7, K\u00f6ksal Akg\u00fcn, Mehmet Hicazl\u0131o\u011flu;&nbsp;<br \/><\/span><span style=\"font-size: 12pt;\">\u201962 Ali Uysal, \u015e\u00fckr\u00fc Vural, A. Sami U\u011fur, Abdulkadir Taylan;&nbsp;<br \/><\/span><span style=\"font-size: 12pt;\">\u201963 Battal Gazi \u00c7\u0131plak;<br \/><\/span><span style=\"font-size: 12pt;\">\u201964 Tahsin Akba\u015f, Feyyaz Yavuz;<br \/><\/span><span style=\"font-size: 12pt;\">\u201965 Ahmet Sezer;<br \/><\/span><span style=\"font-size: 12pt;\">\u201966 Ramazan Sever;<br \/><\/span><span style=\"font-size: 12pt;\">\u201968 Mustafa Okan;<br \/><\/span><span style=\"font-size: 12pt;\">\u201969 Halit Demircan, Hayrettin \u00d6zer, \u0130rfan Koyuncu, Mehmet Ruhi \u00d6zen;<br \/><\/span><span style=\"font-size: 12pt;\">\u201970 \u015eefik Bulut, Halil \u0130brahim \u00d6zcan;<br \/><\/span><span style=\"font-size: 12pt;\">\u201972 Cevat Eser;<br \/><\/span><span style=\"font-size: 12pt;\">\u201974 Yusuf Ziya Aydan;<br \/><\/span><span style=\"font-size: 12pt;\">\u201876 Mehmet \u00d6nder;<br \/><\/span><span style=\"font-size: 12pt;\">\u201978 Yal\u00e7\u0131n Burumo\u011flu;<br \/><\/span><span style=\"font-size: 12pt;\">\u201979 \u015e\u00fckr\u00fc Ta\u015f\u00e7\u0131;<br \/><\/span><span style=\"font-size: 12pt;\">\u201982 Oktay Yal\u00e7\u0131n, Ergun Kula;<br \/><\/span><span style=\"font-size: 12pt;\">\u201990 Mehmet Aksak;<br \/><\/span><\/span><\/em><span style=\"font-size: 12pt;\"><em><span style=\"font-family: sans-serif;\">\u201995 G\u00fclay Erg\u00fcl<\/span><\/em><br \/><\/span><span style=\"font-size: 12pt;\">Aram\u0131zdan ayr\u0131lan mezunlar\u0131m\u0131za Allah\u2019tan rahmet, yak\u0131nlar\u0131na e\u015f ve \u00e7ocuklar\u0131 ile camiam\u0131za yeniden sab\u0131rlar diliyoruz.<\/span><\/p>\n<p><span style=\"font-size: 12pt;\">\u201cEgemenlik Kay\u0131ts\u0131z \u015earts\u0131z Milletindir\u201d \u015fiar\u0131yla, 100. Y\u0131l co\u015fkumuzu t\u00fcm mezunlar\u0131m\u0131zla ilk Meclis binas\u0131n\u0131n arka bah\u00e7esinde ya\u015fayacakt\u0131k. Olmad\u0131, olamad\u0131.&nbsp;<br \/><\/span><span style=\"font-size: 12pt;\">\u0130nsanl\u0131\u011f\u0131n ba\u015f\u0131na y\u00fczy\u0131lda bir veya iki kez gelen Pandemi D\u00f6neminde t\u00fcm kurum ve kurulu\u015flar gibi bilinmezlikler i\u00e7inde y\u00fcz\u00fcyoruz.<br \/><\/span><span style=\"font-size: 12pt;\">Yine di\u011fer dernekler gibi biz de toplant\u0131lar d\u00fczenleyemiyoruz. Bir araya gelemiyoruz.<br \/><\/span><span style=\"font-size: 12pt;\">Buna ra\u011fmen, evde kald\u0131\u011f\u0131m\u0131z d\u00f6nem i\u00e7inde sanal ortamlarda t\u00fcm d\u00f6nemleri bir araya getirme \u00e7abam\u0131z oldu.&nbsp;<br \/><\/span><span style=\"font-size: 12pt;\">En h\u0131zl\u0131 haberle\u015fme a\u011f\u0131 Whatsapp\u2019da T\u00fcm D\u00f6nem Temsilcileri Grubumuzu kurarak ba\u011flar\u0131m\u0131z\u0131 g\u00fc\u00e7l\u00fc ve canl\u0131 tutmaya \u00e7al\u0131\u015f\u0131yoruz.<br \/><\/span><span style=\"font-size: 12pt;\">ANDA\u00c7 \u00e7al\u0131\u015fmam\u0131z ise Ki\u015fisel Verilerin Korunmas\u0131 Yasas\u0131 g\u00f6zetilerek yay\u0131nlanmadan \u00f6zenle g\u00fcncelleniyor.<\/span><\/p>\n<p><span style=\"font-size: 12pt;\">Bu arada, buradan \u0130zmir\u2019de ya\u015fayan mezunlar\u0131m\u0131z\u0131n \u0130zmir Lokalinde \u00f6nceki y\u0131llarda ba\u015flatt\u0131\u011f\u0131 Tavla Turnuvalar\u0131n\u0131n sanal ortamlara ta\u015f\u0131nmas\u0131yla, mezunlar\u0131m\u0131za, evde kal\u0131nan d\u00f6nemlerde keyifli beraberlikler tatl\u0131 rekabetler ya\u015fatan Selim K\u0131l\u0131\u00e7, Fatma Ayhan, Ali Osman U\u00e7maz, Ziya \u00d6zdemir, Mustafa Co\u015fkun, K\u00fcr\u015fat B\u00fcy\u00fck, Esin Y\u0131lmaz mezunlar\u0131m\u0131za te\u015fekk\u00fcrlerimizi iletiyoruz.<\/span><\/p>\n<p><span style=\"font-size: 12pt;\">Maliye Okulu Mezunlar\u0131 Derne\u011fi Genel Merkezi Y\u00f6netim Kurulu olarak, t\u00fcm mezunlar\u0131m\u0131za, ailelerine, e\u015flerine \u00e7ocuklar\u0131na, sevdiklerine sa\u011fl\u0131kl\u0131 mutlu; t\u00fcm insanl\u0131k i\u00e7in bar\u0131\u015f ve huzur dolu bir 2021 y\u0131l\u0131 diliyoruz.<\/span><\/p>\n<p><span style=\"font-size: 12pt;\">Sevgi ve Sayg\u0131lar\u0131mla,<\/span><span style=\"font-size: 12pt;\"><br \/><\/span><\/p>\n<p><img decoding=\"async\" class=\" alignright size-full wp-image-4195\" style=\"float: right;\" src=\"https:\/\/yeni.maliyeokulu.org.tr\/wp-content\/uploads\/2006\/10\/MO-tpDamga-Logo.png\" alt=\"MO tpDamga Logo\" width=\"149\" height=\"127\" srcset=\"https:\/\/yeni.maliyeokulu.org.tr\/wp-content\/uploads\/2006\/10\/MO-tpDamga-Logo.png 536w, https:\/\/yeni.maliyeokulu.org.tr\/wp-content\/uploads\/2006\/10\/MO-tpDamga-Logo-300x254.png 300w\" sizes=\"(max-width: 149px) 100vw, 149px\" \/><\/p>\n<p><span style=\"font-size: 12pt;\"><strong>Maliye Okulu Mezunlar\u0131 Derne\u011fi<\/strong><\/span><br \/><span style=\"font-size: 12pt;\"><strong>Y\u00f6netim Kurulu a.<\/strong><\/span><\/p>\n<p><span style=\"font-size: 12pt;\"><strong>Ahmet KAYA<\/strong><\/span><br \/><span style=\"font-size: 12pt;\"><strong>Genel Ba\u015fkan<\/strong><\/span><\/p>\n<\/p>\n<div>&nbsp;{\/xtypo_rounded2}<\/div>\n<div>&nbsp;<\/div>\n","protected":false},"excerpt":{"rendered":"<p>Sevgili, Sayg\u0131de\u011fer Mezunlar\u0131m\u0131z; Yeni y\u0131la g\u00fczel umutlarla girilir. K\u00f6t\u00fc olaylar\u0131n geride kalmas\u0131 istenir.&nbsp;Y\u0131l i\u00e7inde ya\u015fanm\u0131\u015f \u00fcz\u00fcnt\u00fclere ra\u011fmen, y\u0131l\u0131n son g\u00fcn\u00fcndeki co\u015fkulu, ne\u015feli olma \u00e7abas\u0131, bu umudu g\u00fc\u00e7l\u00fc tutma, umuda sar\u0131lma iste\u011fidir asl\u0131nda.<\/p>\n","protected":false},"author":1,"featured_media":4195,"comment_status":"open","ping_status":"open","sticky":false,"template":"","format":"standard","meta":{"_eb_attr":"","_gspb_post_css":"","_crdt_document":"","footnotes":""},"categories":[121],"tags":[],"class_list":["post-4992","post","type-post","status-publish","format-standard","has-post-thumbnail","hentry","category-haber-arsivi"],"blocksy_meta":[],"_links":{"self":[{"href":"https:\/\/yeni.maliyeokulu.org.tr\/index.php?rest_route=\/wp\/v2\/posts\/4992","targetHints":{"allow":["GET"]}}],"collection":[{"href":"https:\/\/yeni.maliyeokulu.org.tr\/index.php?rest_route=\/wp\/v2\/posts"}],"about":[{"href":"https:\/\/yeni.maliyeokulu.org.tr\/index.php?rest_route=\/wp\/v2\/types\/post"}],"author":[{"embeddable":true,"href":"https:\/\/yeni.maliyeokulu.org.tr\/index.php?rest_route=\/wp\/v2\/users\/1"}],"replies":[{"embeddable":true,"href":"https:\/\/yeni.maliyeokulu.org.tr\/index.php?rest_route=%2Fwp%2Fv2%2Fcomments&post=4992"}],"version-history":[{"count":1,"href":"https:\/\/yeni.maliyeokulu.org.tr\/index.php?rest_route=\/wp\/v2\/posts\/4992\/revisions"}],"predecessor-version":[{"id":18308,"href":"https:\/\/yeni.maliyeokulu.org.tr\/index.php?rest_route=\/wp\/v2\/posts\/4992\/revisions\/18308"}],"wp:featuredmedia":[{"embeddable":true,"href":"https:\/\/yeni.maliyeokulu.org.tr\/index.php?rest_route=\/wp\/v2\/media\/4195"}],"wp:attachment":[{"href":"https:\/\/yeni.maliyeokulu.org.tr\/index.php?rest_route=%2Fwp%2Fv2%2Fmedia&parent=4992"}],"wp:term":[{"taxonomy":"category","embeddable":true,"href":"https:\/\/yeni.maliyeokulu.org.tr\/index.php?rest_route=%2Fwp%2Fv2%2Fcategories&post=4992"},{"taxonomy":"post_tag","embeddable":true,"href":"https:\/\/yeni.maliyeokulu.org.tr\/index.php?rest_route=%2Fwp%2Fv2%2Ftags&post=4992"}],"curies":[{"name":"wp","href":"https:\/\/api.w.org\/{rel}","templated":true}]}}